{"id":9976,"date":"2021-01-09T18:00:57","date_gmt":"2021-01-09T17:00:57","guid":{"rendered":"https:\/\/le12.ma\/fr\/?p=9976"},"modified":"2021-01-09T14:20:35","modified_gmt":"2021-01-09T13:20:35","slug":"grand-theatre-dal-hoceima-vers-un-professionnalisme-artistique-et-une-promotion-de-la-creativite","status":"publish","type":"post","link":"https:\/\/le12.ma\/fr\/grand-theatre-dal-hoceima-vers-un-professionnalisme-artistique-et-une-promotion-de-la-creativite\/","title":{"rendered":"Grand Th\u00e9\u00e2tre d\u2019Al Hoceima: vers un professionnalisme artistique et une promotion de la cr\u00e9ativit\u00e9"},"content":{"rendered":"<p><span style=\"color: #ff0000;\"><strong>Al Hoceima \u2013 le12<\/strong><\/span><\/p>\n<p><strong>Le Grand Th\u00e9\u00e2tre d\u2019Al Hoceima constitue l\u2019un des projets importants et structurants lanc\u00e9s dans la province, qui joue un r\u00f4le crucial dans la promotion de la pratique artistique et la mise en valeur des comp\u00e9tences cr\u00e9atives des jeunes de la ville dans les diff\u00e9rents domaines artistiques.<\/strong><\/p>\n<p><strong>Cette structure culturelle, r\u00e9alis\u00e9e dans le cadre du programme de d\u00e9veloppement spatial \u201cAl Hoceima, Manarat Al Moutawassit\u201d, que SM le Roi Mohammed VI a lanc\u00e9 en 2015, contribuera \u00e0 la promotion de l\u2019offre culturelle et au soutien de la dynamique culturelle et artistique au niveau de la province.<\/strong><\/p>\n<p><strong>R\u00e9alis\u00e9 sur une superficie totale de 7.000 m2 et pour une enveloppe budg\u00e9taire d\u2019environ 74 millions de dirhams (MDH), cet \u00e9difice culturel, con\u00e7u selon les normes architecturales les plus avanc\u00e9es, se caract\u00e9rise par une beaut\u00e9 distingu\u00e9e et un style architectural authentique et unique.<\/strong><\/p>\n<p><strong>Il comprend un conservatoire de musique et plusieurs installations culturelles, qui constituent un v\u00e9ritable espace pour les jeunes de la province, leur permettant de d\u00e9velopper leurs comp\u00e9tences cr\u00e9atives, et une \u00e9chappatoire pour les habitants de la province.<\/strong><\/p>\n<p><strong>Selon la Direction provinciale de la culture d\u2019Al Hoceima, le minist\u00e8re de la Culture, de la Jeunesse et des Sports (D\u00e9partement de la culture) veille \u00e0 renforcer l\u2019adh\u00e9sion des jeunes \u00e0 la pratique culturelle et \u00e0 les encourager \u00e0 d\u00e9velopper l\u2019esprit de citoyennet\u00e9, ainsi qu\u2019\u00e0 mettre en valeur leurs comp\u00e9tences de cr\u00e9ativit\u00e9 et \u00e0 promouvoir la culture nationale, \u00e0 travers ses diff\u00e9rents affluents.<\/strong><\/p>\n<p><strong>Ainsi, les habitants de la province attendent avec impatience l\u2019ach\u00e8vement de cette structure, qui comprend \u00e9galement une grande salle de spectacle d\u2019une capacit\u00e9 de 500 places, en plus de deux salles de formation.<\/strong><\/p>\n<p><strong>S\u2019agissant du conservatoire de musique, il comprend 4 salles pour les cours de solf\u00e8ge, 8 salles pour l\u2019apprentissage de diff\u00e9rents instruments de musique, un studio d\u2019enregistrement, une salle de chor\u00e9graphie, une biblioth\u00e8que musicale et d\u2019autres espaces, visant \u00e0 promouvoir la sc\u00e8ne culturelle d\u2019Al Hoceima.<\/strong><\/p>\n<p><strong>Compte tenu de ses nombreuses installations, le Grand th\u00e9\u00e2tre d\u2019Al Hoceima contribuera au d\u00e9veloppement de la sc\u00e8ne culturelle au niveau de la province et \u00e0 la promotion de la diversit\u00e9 culturelle, a expliqu\u00e9 Omayma Abercha, de la Direction provinciale de la Culture \u00e0 Al Hoceima.<\/strong><\/p>\n<p><strong>La province d\u2019Al Hoceima connait \u00e9galement la r\u00e9alisation du Centre culturel d\u2019Imzouren, \u00e9rig\u00e9 sur une superficie de 2.100 m2 pour une enveloppe budg\u00e9taire d\u2019environ 23 MDH, a pr\u00e9cis\u00e9 Mme Abercha.<\/strong><\/p>\n<p><strong>Ce projet comporte, entre autres, une salle de spectacle de 210 places, un espace d\u2019exposition de cr\u00e9ations artistiques et d\u2019art plastique, deux salles de lecture et une salle d\u2019informatique.<\/strong><\/p>\n<p><strong>De son c\u00f4t\u00e9, l\u2019acteur culturel et th\u00e9\u00e2tral, Fouad El Bannoudi, a estim\u00e9, dans une d\u00e9claration \u00e0 la MAP, que les projets culturels en cours de r\u00e9alisation apporteront apporteront de la valeur ajout\u00e9e \u00e0 la province d\u2019Al Hoceima et contribueront \u00e0 all\u00e9ger la pression sur la Maison de la culture Moulay El Hassan, qui abrite de nombreuses activit\u00e9s et rencontres culturelles et artistiques tout au long de l\u2019ann\u00e9e.<\/strong><\/p>\n<p><strong>Ces installations culturelles, dont quelque unes ont \u00e9t\u00e9 r\u00e9alis\u00e9es, tandis que d\u2019autres sont en cours d\u2019ach\u00e8vement, contribueront au c\u00f4t\u00e9 de la Maison de la culture Moulay El Hassan au renforcement de la dynamique culturelle dans la province et \u00e0 consolider l\u2019offre th\u00e9\u00e2trale, artistique et culturelle, a fait savoir M. El Bannoudi.<\/strong><\/p>\n<p><strong>Il a, \u00e0 cet \u00e9gard, soulign\u00e9 la n\u00e9cessit\u00e9 de d\u00e9ployer des ressources humaines qualifi\u00e9es et comp\u00e9tentes, afin de garantir le bon fonctionnement de ces structures et de fournir aux usagers des services dans les meilleures conditions.<\/strong><\/p>\n<p><strong>Ces structures culturelles importantes viennent ainsi donner une forte impulsion \u00e0 la sc\u00e8ne culturelle au niveau de la province d\u2019Al Hoceima et des zones avoisinantes, et constituer une v\u00e9ritable \u00e9chappatoire aux habitants et un espace pour d\u00e9velopper les comp\u00e9tences cr\u00e9atives que rec\u00e8le la province.<\/strong><\/p>\n","protected":false},"excerpt":{"rendered":"<p>Al Hoceima \u2013 le12 Le Grand Th\u00e9\u00e2tre d\u2019Al Hoceima constitue l\u2019un des projets importants et structurants lanc\u00e9s dans la province, qui joue un r\u00f4le crucial dans la promotion de la pratique artistique et la mise en valeur des comp\u00e9tences cr\u00e9atives des jeunes de la ville dans les diff\u00e9rents domaines artistiques. Cette structure culturelle, r\u00e9alis\u00e9e dans [&hellip;]<\/p>\n","protected":false},"author":4,"featured_media":9977,"comment_status":"open","ping_status":"open","sticky":false,"template":"","format":"standard","meta":[],"categories":[26,31],"tags":[],"yst_prominent_words":[5387,4042],"jetpack_featured_media_url":"https:\/\/le12.ma\/fr\/wp-content\/uploads\/2021\/01\/theatre-hoceima-504x300-504x300-1.jpg","_links":{"self":[{"href":"https:\/\/le12.ma\/fr\/wp-json\/wp\/v2\/posts\/9976"}],"collection":[{"href":"https:\/\/le12.ma\/fr\/wp-json\/wp\/v2\/posts"}],"about":[{"href":"https:\/\/le12.ma\/fr\/wp-json\/wp\/v2\/types\/post"}],"author":[{"embeddable":true,"href":"https:\/\/le12.ma\/fr\/wp-json\/wp\/v2\/users\/4"}],"replies":[{"embeddable":true,"href":"https:\/\/le12.ma\/fr\/wp-json\/wp\/v2\/comments?post=9976"}],"version-history":[{"count":1,"href":"https:\/\/le12.ma\/fr\/wp-json\/wp\/v2\/posts\/9976\/revisions"}],"predecessor-version":[{"id":9978,"href":"https:\/\/le12.ma\/fr\/wp-json\/wp\/v2\/posts\/9976\/revisions\/9978"}],"wp:featuredmedia":[{"embeddable":true,"href":"https:\/\/le12.ma\/fr\/wp-json\/wp\/v2\/media\/9977"}],"wp:attachment":[{"href":"https:\/\/le12.ma\/fr\/wp-json\/wp\/v2\/media?parent=9976"}],"wp:term":[{"taxonomy":"category","embeddable":true,"href":"https:\/\/le12.ma\/fr\/wp-json\/wp\/v2\/categories?post=9976"},{"taxonomy":"post_tag","embeddable":true,"href":"https:\/\/le12.ma\/fr\/wp-json\/wp\/v2\/tags?post=9976"},{"taxonomy":"yst_prominent_words","embeddable":true,"href":"https:\/\/le12.ma\/fr\/wp-json\/wp\/v2\/yst_prominent_words?post=9976"}],"curies":[{"name":"wp","href":"https:\/\/api.w.org\/{rel}","templated":true}]}}