{"id":9793,"date":"2021-01-06T10:44:39","date_gmt":"2021-01-06T09:44:39","guid":{"rendered":"https:\/\/le12.ma\/fr\/?p=9793"},"modified":"2021-01-06T10:44:39","modified_gmt":"2021-01-06T09:44:39","slug":"luca-de-marrakech-engagee-dans-le-projet-de-creation-dun-centre-de-recherche-sur-le-patrimoine-immateriel-pdt-de-luniversite","status":"publish","type":"post","link":"https:\/\/le12.ma\/fr\/luca-de-marrakech-engagee-dans-le-projet-de-creation-dun-centre-de-recherche-sur-le-patrimoine-immateriel-pdt-de-luniversite\/","title":{"rendered":"L\u2019UCA de Marrakech engag\u00e9e dans le projet de cr\u00e9ation d\u2019un centre de recherche sur le patrimoine immat\u00e9riel (Pdt de l\u2019universit\u00e9)"},"content":{"rendered":"<p><span style=\"color: #ff0000;\"><strong>Marrakech \u2013 le12<\/strong><\/span><\/p>\n<p><strong>\u00a0L\u2019Universit\u00e9 Cadi Ayyad (UCA) de Marrakech s\u2019est engag\u00e9e dans un important projet national de cr\u00e9ation d\u2019un centre de recherche sur le patrimoine immat\u00e9riel, a annonc\u00e9, mardi dans la cit\u00e9 ocre, le pr\u00e9sident de cet \u00e9tablissement universitaire, Moulay Lhassan Hbid.<\/strong><\/p>\n<p><strong>Intervenant \u00e0 l\u2019ouverture de la conf\u00e9rence scientifique sur les r\u00f4les pionniers d&rsquo;\u201dImarat Al Mouminine\u201d dans l\u2019ancrage des valeurs d\u2019amour vou\u00e9 au Proph\u00e8te Sidna Mohammed (PSSL), M. Hbid a mis en avant l\u2019importance de la mission de l\u2019universit\u00e9 dans la pr\u00e9servation de l\u2019identit\u00e9 et de la protection de ses constantes culturelles, ainsi que dans la cons\u00e9cration des valeurs de citoyennet\u00e9, d\u2019o\u00f9, a-t-il expliqu\u00e9, cet important projet national de cr\u00e9ation d\u2019un centre de recherche sur le patrimoine immat\u00e9riel.<\/strong><\/p>\n<p><strong>Cette future structure s\u2019assignera pour principal objectif de promouvoir la recherche dans ces domaines et de sceller des partenariats scientifiques en mati\u00e8re de recherche acad\u00e9mique avec des institutions culturelles et religieuses de renom, a-t-il fait savoir.<\/strong><\/p>\n<p><strong>Et le responsable d\u2019ajouter que la cr\u00e9ation de ce centre s\u2019inscrit dans le cadre de la politique d\u2019ouverture de l\u2019Universit\u00e9 sur son environnement culturel, social et \u00e9conomique, avec pour finalit\u00e9 l\u2019\u00e9laboration de visions, de conceptions scientifiques et de projets de d\u00e9veloppement, \u00e0 m\u00eame d\u2019assurer l\u2019encadrement scientifique des id\u00e9es, et la rationalisation des comportements et des actes dans les diff\u00e9rents domaines de l\u2019action humaine au sein de la soci\u00e9t\u00e9, \u00e0 travers des \u00e9tudes et recherches universitaires pertinentes et utiles.<\/strong><\/p>\n<p><strong>Evoquant la th\u00e9matique de cette conf\u00e9rence, M. Hbid a mis en avant \u201cl\u2019importance de la proph\u00e9tie dans notre religion, notre histoire et notre culture\u201d. \u201cCette proph\u00e9tie dont Imarat Al-Mouminine dans notre pays, puise sa source en termes de guidance, de conduite et d\u2019honneur d\u2019appartenance\u201d, a-t-il dit.<\/strong><\/p>\n<p><strong>L\u2019Universit\u00e9 Cadi Ayyad est fortement consciente de l\u2019ampleur de la responsabilit\u00e9 nationale qui lui incombe au service de la soci\u00e9t\u00e9 marocaine, ainsi qu\u2019en termes de coop\u00e9ration avec les d\u00e9cideurs sur les plans local et national pour la promotion de ses conditions et la r\u00e9alisation de sa prosp\u00e9rit\u00e9, sous la conduite \u00e9clair\u00e9e de Sa Majest\u00e9 le Roi Mohammed VI, a-t-il conclu.<\/strong><\/p>\n<p><strong>De son c\u00f4t\u00e9, le doyen de la Facult\u00e9 des lettres et des sciences humaines \u00e0 Marrakech, Abderrahim Benali, a indiqu\u00e9 que le programme de cette conf\u00e9rence comprend la pr\u00e9sentation de recherches int\u00e9ressantes et d\u2019\u00e9tudes scientifiques pertinentes, r\u00e9alis\u00e9es par de grands professeurs universitaires, qui ont minutieusement \u00e9tudi\u00e9 la Sira Annabaouia et mis en exergue la politique d\u2019Amir Al-Mouminine pour la d\u00e9fense de la noble personne du Proph\u00e8te et de ses pr\u00e9ceptes.<\/strong><\/p>\n<p><strong>Ces chercheurs ont d\u00e9montr\u00e9 le r\u00f4le agissant de ces actions dans le raffinement du comportement des sujets d\u2019Amir Al-Mouminine et le redressement de leurs concepts, \u00e0 m\u00eame de garantir la sauvegarde de l\u2019identit\u00e9 religieuse, de pr\u00e9server la paix et la s\u00e9curit\u00e9 soci\u00e9tale, et d\u2019enraciner davantage les valeurs de citoyennet\u00e9, a-t-il soutenu.<\/strong><\/p>\n<p><strong>Il a, d\u2019autre part, not\u00e9 que cette conf\u00e9rence vise \u00e0 mettre en lumi\u00e8re le r\u00f4le pionnier d\u2019\u201dImarate Al-Mouminine\u201d dans la d\u00e9fense du Proph\u00e8te sur les plans scientifique et pratique, avec pour fondements la foi, l\u2019ob\u00e9issance et l\u2019amour vou\u00e9 au Seau des Messagers, \u00e0 ses compagnons et \u00e0 sa famille.<\/strong><\/p>\n<p><strong>Organis\u00e9e par la Fondation Moulay Ali Charif Al Morrakouchi en partenariat avec la Facult\u00e9 des lettres et des sciences humaines et la Direction r\u00e9gionale de la culture de Marrakech-Safi, cette Rencontre vise \u00e0 mettre en relief le r\u00f4le de leadership d\u2019Amir Al-Mouminine, SM le Roi Mohammed VI, dans la cons\u00e9cration des valeurs d\u2019amour du Proph\u00e8te (PSSL) et l\u2019observance de sa voie.<\/strong><\/p>\n<p><strong>Elle ambitionne aussi \u00e0 jeter la lumi\u00e8re sur les manifestations des valeurs de juste milieu et de mod\u00e9ration dans la politique sage d\u2019Amir Al-Mouminine et son r\u00f4le dans la revivification de la Sunna du Proph\u00e8te, ainsi que sur le r\u00f4le pionnier du Souverain dans l\u2019ancrage des valeurs d\u2019amour du Sceau des Messagers et l\u2019observance de sa ligne de conduite, et \u00e0 mettre en relief l\u2019ampleur de la pr\u00e9sence de la guidance du Proph\u00e8te dans l\u2019histoire des Rois Alaouites en termes de savoir, d\u2019\u00e9ducation et de comportement.<\/strong><\/p>\n<p><strong>La conf\u00e9rence s\u2019arr\u00eatera sur certains aspects de la politique sage de SM le Roi Mohammed VI dans la d\u00e9fense du Proph\u00e8te Sidna Mohammed (PSSL), \u00e0 travers la cr\u00e9ation d\u2019une cha\u00eene de t\u00e9l\u00e9vision et d\u2019une autre radiophonique, d\u2019institutions acad\u00e9miques sp\u00e9cialis\u00e9es dans le Hadith Annabaoui Ach-charif, et d\u2019un prix international d\u00e9di\u00e9 aux oul\u00e9mas du Hadith.<\/strong><\/p>\n<p><strong>Elle abordera \u00e9galement certaines pages lumineuses de la d\u00e9fense de la personne du Proph\u00e8te \u00e0 travers l\u2019int\u00e9r\u00eat accord\u00e9 au Hadith Ach-charif et aux ouvrages qui lui sont d\u00e9di\u00e9s, aux oul\u00e9mas et aux instituts d\u2019enseignement et d\u2019\u00e9tude du Hadith, et la consolidation des valeurs de patriotisme sinc\u00e8re puis\u00e9e dans la Sainte religion et l\u2019histoire des Marocains (Sultan et sujets).<\/strong><\/p>\n<p><strong>Les participants \u00e0 ce conclave aborderont les qualit\u00e9s caract\u00e9rielles reconnues du Proph\u00e8te, en particulier celles li\u00e9es \u00e0 l\u2019\u00e9thique sociale, les valeurs d\u2019ordre familial et social de la Sira Annabaouia, et les bienfaits des valeurs de juste milieu et de mod\u00e9ration dans l\u2019\u00e9dification des soci\u00e9t\u00e9s humaines, tout en soulignant leur importance dans le redressement des concepts et la pr\u00e9servation des comportements religieux contre l\u2019apostasie et l\u2019extr\u00e9misme.<\/strong><\/p>\n<p><strong>Figurent au programme de cette rencontre, qui conna\u00eet la participation de responsables des d\u00e9partements des Habous et des Affaires islamiques ainsi que de la Culture, en plus d\u2019acad\u00e9miciens de la Facult\u00e9 des lettres et des sciences humaines de Marrakech et d\u2019Agadir, deux s\u00e9ances ax\u00e9es sur \u201cLa proph\u00e9tie et Imarat Al-Mouminine, l\u2019honneur de l\u2019appartenance et les manifestations de la d\u00e9fense\u201d et \u201cLe juste milieu et la mod\u00e9ration, le legs des pr\u00e9d\u00e9cesseurs aux successeurs\u201d.<\/strong><\/p>\n","protected":false},"excerpt":{"rendered":"<p>Marrakech \u2013 le12 \u00a0L\u2019Universit\u00e9 Cadi Ayyad (UCA) de Marrakech s\u2019est engag\u00e9e dans un important projet national de cr\u00e9ation d\u2019un centre de recherche sur le patrimoine immat\u00e9riel, a annonc\u00e9, mardi dans la cit\u00e9 ocre, le pr\u00e9sident de cet \u00e9tablissement universitaire, Moulay Lhassan Hbid. Intervenant \u00e0 l\u2019ouverture de la conf\u00e9rence scientifique sur les r\u00f4les pionniers d&rsquo;\u201dImarat Al [&hellip;]<\/p>\n","protected":false},"author":4,"featured_media":9794,"comment_status":"open","ping_status":"open","sticky":false,"template":"","format":"standard","meta":[],"categories":[26,31,24],"tags":[],"yst_prominent_words":[734,3012,3005],"jetpack_featured_media_url":"https:\/\/le12.ma\/fr\/wp-content\/uploads\/2021\/01\/marrakech-1-504x300-504x300-1.jpg","_links":{"self":[{"href":"https:\/\/le12.ma\/fr\/wp-json\/wp\/v2\/posts\/9793"}],"collection":[{"href":"https:\/\/le12.ma\/fr\/wp-json\/wp\/v2\/posts"}],"about":[{"href":"https:\/\/le12.ma\/fr\/wp-json\/wp\/v2\/types\/post"}],"author":[{"embeddable":true,"href":"https:\/\/le12.ma\/fr\/wp-json\/wp\/v2\/users\/4"}],"replies":[{"embeddable":true,"href":"https:\/\/le12.ma\/fr\/wp-json\/wp\/v2\/comments?post=9793"}],"version-history":[{"count":1,"href":"https:\/\/le12.ma\/fr\/wp-json\/wp\/v2\/posts\/9793\/revisions"}],"predecessor-version":[{"id":9795,"href":"https:\/\/le12.ma\/fr\/wp-json\/wp\/v2\/posts\/9793\/revisions\/9795"}],"wp:featuredmedia":[{"embeddable":true,"href":"https:\/\/le12.ma\/fr\/wp-json\/wp\/v2\/media\/9794"}],"wp:attachment":[{"href":"https:\/\/le12.ma\/fr\/wp-json\/wp\/v2\/media?parent=9793"}],"wp:term":[{"taxonomy":"category","embeddable":true,"href":"https:\/\/le12.ma\/fr\/wp-json\/wp\/v2\/categories?post=9793"},{"taxonomy":"post_tag","embeddable":true,"href":"https:\/\/le12.ma\/fr\/wp-json\/wp\/v2\/tags?post=9793"},{"taxonomy":"yst_prominent_words","embeddable":true,"href":"https:\/\/le12.ma\/fr\/wp-json\/wp\/v2\/yst_prominent_words?post=9793"}],"curies":[{"name":"wp","href":"https:\/\/api.w.org\/{rel}","templated":true}]}}