{"id":9582,"date":"2020-12-31T10:22:57","date_gmt":"2020-12-31T09:22:57","guid":{"rendered":"https:\/\/le12.ma\/fr\/?p=9582"},"modified":"2020-12-31T10:22:57","modified_gmt":"2020-12-31T09:22:57","slug":"siel-report-sine-die-de-la-27e-edition-ministere","status":"publish","type":"post","link":"https:\/\/le12.ma\/fr\/siel-report-sine-die-de-la-27e-edition-ministere\/","title":{"rendered":"SIEL : Report sine die de la 27\u00e8 \u00e9dition (minist\u00e8re)"},"content":{"rendered":"<p><span style=\"color: #ff0000;\"><strong>Rabat \u2013le12<\/strong><\/span><\/p>\n<p><strong>\u00a0La 27\u00e8me \u00e9dition du Salon international de l\u2019\u00c9dition et du Livre (SIEL-2021) a \u00e9t\u00e9 report\u00e9e \u00e0 une date ult\u00e9rieure, en raison de la poursuite de la propagation du nouveau coronavirus (Covid-19), a annonc\u00e9, mercredi, le minist\u00e8re de la Culture, de la Jeunesse et des Sports.<\/strong><\/p>\n<p><strong>Pla\u00e7ant la s\u00e9curit\u00e9 sanitaire des visiteurs et des exposants en t\u00eate de ses priorit\u00e9s, le minist\u00e8re affirme, sur son site \u00e9lectronique, n\u2019avoir gu\u00e8re la possibilit\u00e9 d\u2019organiser cette \u00e9dition du SIEL, durant les m\u00eame dates que ses pr\u00e9c\u00e9dentes, ajoutant que cet \u00e9v\u00e9nement, organis\u00e9 au mois de f\u00e9vrier de chaque ann\u00e9e, est devenu un rendez-vous qui r\u00e9unit, dans un espace ferm\u00e9, un public nombreux, tous \u00e2ges confondus.<\/strong><\/p>\n<p><strong>La nouvelle date de la 27\u00e8me \u00e9dition sera d\u00e9voil\u00e9e ult\u00e9rieurement, a pr\u00e9cis\u00e9 le minist\u00e8re.<\/strong><\/p>\n","protected":false},"excerpt":{"rendered":"<p>Rabat \u2013le12 \u00a0La 27\u00e8me \u00e9dition du Salon international de l\u2019\u00c9dition et du Livre (SIEL-2021) a \u00e9t\u00e9 report\u00e9e \u00e0 une date ult\u00e9rieure, en raison de la poursuite de la propagation du nouveau coronavirus (Covid-19), a annonc\u00e9, mercredi, le minist\u00e8re de la Culture, de la Jeunesse et des Sports. Pla\u00e7ant la s\u00e9curit\u00e9 sanitaire des visiteurs et des [&hellip;]<\/p>\n","protected":false},"author":4,"featured_media":9583,"comment_status":"open","ping_status":"open","sticky":false,"template":"","format":"standard","meta":[],"categories":[26,31],"tags":[],"yst_prominent_words":[3881,257,148],"jetpack_featured_media_url":"https:\/\/le12.ma\/fr\/wp-content\/uploads\/2020\/12\/CNDH.jpg","_links":{"self":[{"href":"https:\/\/le12.ma\/fr\/wp-json\/wp\/v2\/posts\/9582"}],"collection":[{"href":"https:\/\/le12.ma\/fr\/wp-json\/wp\/v2\/posts"}],"about":[{"href":"https:\/\/le12.ma\/fr\/wp-json\/wp\/v2\/types\/post"}],"author":[{"embeddable":true,"href":"https:\/\/le12.ma\/fr\/wp-json\/wp\/v2\/users\/4"}],"replies":[{"embeddable":true,"href":"https:\/\/le12.ma\/fr\/wp-json\/wp\/v2\/comments?post=9582"}],"version-history":[{"count":1,"href":"https:\/\/le12.ma\/fr\/wp-json\/wp\/v2\/posts\/9582\/revisions"}],"predecessor-version":[{"id":9584,"href":"https:\/\/le12.ma\/fr\/wp-json\/wp\/v2\/posts\/9582\/revisions\/9584"}],"wp:featuredmedia":[{"embeddable":true,"href":"https:\/\/le12.ma\/fr\/wp-json\/wp\/v2\/media\/9583"}],"wp:attachment":[{"href":"https:\/\/le12.ma\/fr\/wp-json\/wp\/v2\/media?parent=9582"}],"wp:term":[{"taxonomy":"category","embeddable":true,"href":"https:\/\/le12.ma\/fr\/wp-json\/wp\/v2\/categories?post=9582"},{"taxonomy":"post_tag","embeddable":true,"href":"https:\/\/le12.ma\/fr\/wp-json\/wp\/v2\/tags?post=9582"},{"taxonomy":"yst_prominent_words","embeddable":true,"href":"https:\/\/le12.ma\/fr\/wp-json\/wp\/v2\/yst_prominent_words?post=9582"}],"curies":[{"name":"wp","href":"https:\/\/api.w.org\/{rel}","templated":true}]}}