{"id":9556,"date":"2020-12-30T14:45:39","date_gmt":"2020-12-30T13:45:39","guid":{"rendered":"https:\/\/le12.ma\/fr\/?p=9556"},"modified":"2020-12-30T14:45:39","modified_gmt":"2020-12-30T13:45:39","slug":"la-maison-de-maternite-de-tizi-nisly-une-contribution-indeniable-a-la-sante-reproductive","status":"publish","type":"post","link":"https:\/\/le12.ma\/fr\/la-maison-de-maternite-de-tizi-nisly-une-contribution-indeniable-a-la-sante-reproductive\/","title":{"rendered":"La maison de maternit\u00e9 de Tizi N\u2019Isly, une contribution ind\u00e9niable \u00e0 la sant\u00e9 reproductive"},"content":{"rendered":"<p><span style=\"color: #ff0000;\"><strong>B\u00e9ni Mellal \u2013 le12<\/strong><\/span><\/p>\n<p><strong>La maison de maternit\u00e9 de Tizi N\u2019Isly dans la province de B\u00e9ni Mellal est une structure \u00e0 vocation m\u00e9dico-sociale qui a vu le jour gr\u00e2ce \u00e0 un financement de 3,5 millions de dirhams dans le cadre de la deuxi\u00e8me phase de l\u2019Initiative nationale pour le d\u00e9veloppement humain (INDH).<\/strong><\/p>\n<p><strong>Depuis sa mise en service, elle n\u2019a cess\u00e9 de jouer un r\u00f4le agissant sur la voie de la promotion de la condition de la femme dans cette commune rurale, et partant contribuer \u00e0 l\u2019am\u00e9lioration des indicateurs de sant\u00e9 maternelle et infantile de la r\u00e9gion.<\/strong><\/p>\n<p><strong>Cette structure veille \u00e0 offrir aux femmes enceintes de la r\u00e9gion montagneuse de Tizi N\u2019Isly et celles des localit\u00e9s avoisinantes des services de sant\u00e9 de proximit\u00e9, en les prenant en charge et en les accompagnant durant toute la p\u00e9riode de grossesse et m\u00eame apr\u00e8s l\u2019accouchement.<\/strong><\/p>\n<p><strong>Ce projet, qui a pour objectif principal de lutter contre la mortalit\u00e9 n\u00e9onatale et dont la gestion est assur\u00e9e par l\u2019Association de protection maternelle et infantile de Tizi N\u2019Isly, a profit\u00e9 \u00e0 110 femmes enceintes durant la seule ann\u00e9e 2020.<\/strong><\/p>\n<p><strong>De par l\u2019importance de ses prestations, la maison de maternit\u00e9 de Tizi N\u2019Isly traduit clairement les valeurs de solidarit\u00e9 que l\u2019INDH s\u2019emploie \u00e0 consacrer \u00e0 travers ses diff\u00e9rents programmes et initiatives orient\u00e9s vers les populations vuln\u00e9rables ou en situation de pr\u00e9carit\u00e9 notamment en milieu rural.<\/strong><\/p>\n<p><strong>Cette initiative s\u2019inscrit dans le cadre de la nouvelle g\u00e9n\u00e9ration de projets programm\u00e9s par l\u2019INDH dans sa phase III et qui visent \u00e0 renforcer le dispositif de sant\u00e9 maternelle et infantile et \u00e0 g\u00e9n\u00e9raliser les soins pr\u00e9natals et l\u2019accouchement assist\u00e9 par un personnel qualifi\u00e9.<\/strong><\/p>\n<p><strong>Dans une d\u00e9claration \u00e0 la MAP, la pr\u00e9sidente de l\u2019Association de protection maternelle et infantile, Rabha Ouahi, a indiqu\u00e9 que la maison de maternit\u00e9 de Tizi N\u2019Isly accueille et prend en charge les femmes enceintes plusieurs jours avant l\u2019accouchement en les faisant b\u00e9n\u00e9ficier d\u2019un suivi m\u00e9dical. En coordination avec les services du minist\u00e8re de la Sant\u00e9, cette entit\u00e9 m\u00e9dico-sociale organise le long de l\u2019ann\u00e9e des actions de sensibilisation en faveur des femmes enceintes autour de la sant\u00e9 de la maman et de l\u2019enfant, a-t-elle dit.<\/strong><\/p>\n<p><strong>\u201cNotre association accompagne les femmes enceintes durant toute la p\u00e9riode de grossesse et m\u00eame apr\u00e8s l\u2019accouchement. Elle leur assure aussi un soutien social et psychologique ainsi qu\u2019une alimentation \u00e9quilibr\u00e9e et veille \u00e0 les sensibiliser \u00e9galement \u00e0 l\u2019importance que rev\u00eat la sant\u00e9 de la maman et de l\u2019enfant\u201d, a ajout\u00e9 Mme Ouahi.<\/strong><\/p>\n<p><strong>Le chef de la division de l\u2019action sociale \u00e0 la pr\u00e9fecture de B\u00e9ni Mellal, Abderrahmane Jabir, a affirm\u00e9, pour sa part, que la maison de maternit\u00e9 de Tizi N\u2019Isly a \u00e9t\u00e9 construite en 2019 dans le cadre de la phase II de l\u2019INDH et a accueilli une centaine de femmes enceintes depuis sa cr\u00e9ation.<\/strong><\/p>\n<p><strong>Cette structure a b\u00e9n\u00e9fici\u00e9 dans le cadre de la phase III de l\u2019INDH d\u2019une subvention de fonctionnement de 50.000 dirhams au titre de l\u2019ann\u00e9e 2019 pour soutenir l\u2019association qui encadre, accompagne et sensibilise les femmes enceintes durant la p\u00e9riode de grossesse.<\/strong><\/p>\n<p><strong>Nombreuses sont les femmes enceintes qui s\u2019int\u00e9ressent \u00e0 cette structure sociale, ce qui d\u00e9note la prise de conscience de l\u2019importance de la sant\u00e9 maternelle et infantile, et ce, malgr\u00e9 la persistance de la \u201cculture traditionnelle et conservatrice\u201d dans cette r\u00e9gion montagneuse o\u00f9 les femmes pr\u00e9f\u00e8rent encore accoucher \u00e0 domicile, s\u2019est-il f\u00e9licit\u00e9.<\/strong><\/p>\n<p><strong>Et d\u2019ajouter que la maison de maternit\u00e9 de Tizi N\u2019Isly va assumer prochainement de nouvelles missions dans le cadre de l\u2019accord-cadre tripartite, sign\u00e9 entre les minist\u00e8res de l\u2019Int\u00e9rieur, de la Sant\u00e9 et l\u2019UNICEF qui vise \u00e0 tirer profit des structures sociales de ce genre pour donner un nouvel \u00e9lan aux efforts visant l\u2019am\u00e9lioration de la sant\u00e9 maternelle et infantile au Maroc \u00e0 travers le renforcement des syst\u00e8mes de sant\u00e9 communautaire.<\/strong><\/p>\n<p><strong>D\u2019ailleurs, le renforcement du dispositif de sant\u00e9 maternelle et infantile fait partie des principales priorit\u00e9s de la troisi\u00e8me phase de l\u2019INDH (2019-2023) qui pr\u00f4ne la pr\u00e9servation de la dignit\u00e9 et le regain de l\u2019espoir pour les g\u00e9n\u00e9rations montantes.<\/strong><\/p>\n<p><strong>Dans le cadre de la Phase III de l\u2019INDH, l\u2019am\u00e9lioration de la sant\u00e9 et de la nutrition maternelle et infantile, particuli\u00e8rement en milieu rural d\u00e9favoris\u00e9, a \u00e9t\u00e9 \u00e9rig\u00e9e en un axe prioritaire pour soutenir le d\u00e9veloppement du capital humain des g\u00e9n\u00e9rations montantes.<\/strong><\/p>\n","protected":false},"excerpt":{"rendered":"<p>B\u00e9ni Mellal \u2013 le12 La maison de maternit\u00e9 de Tizi N\u2019Isly dans la province de B\u00e9ni Mellal est une structure \u00e0 vocation m\u00e9dico-sociale qui a vu le jour gr\u00e2ce \u00e0 un financement de 3,5 millions de dirhams dans le cadre de la deuxi\u00e8me phase de l\u2019Initiative nationale pour le d\u00e9veloppement humain (INDH). Depuis sa mise [&hellip;]<\/p>\n","protected":false},"author":4,"featured_media":9557,"comment_status":"open","ping_status":"open","sticky":false,"template":"","format":"standard","meta":[],"categories":[26,31,24],"tags":[],"yst_prominent_words":[955],"jetpack_featured_media_url":"https:\/\/le12.ma\/fr\/wp-content\/uploads\/2020\/12\/maison-de-maternite-de-Tizi-NIsly.jpg","_links":{"self":[{"href":"https:\/\/le12.ma\/fr\/wp-json\/wp\/v2\/posts\/9556"}],"collection":[{"href":"https:\/\/le12.ma\/fr\/wp-json\/wp\/v2\/posts"}],"about":[{"href":"https:\/\/le12.ma\/fr\/wp-json\/wp\/v2\/types\/post"}],"author":[{"embeddable":true,"href":"https:\/\/le12.ma\/fr\/wp-json\/wp\/v2\/users\/4"}],"replies":[{"embeddable":true,"href":"https:\/\/le12.ma\/fr\/wp-json\/wp\/v2\/comments?post=9556"}],"version-history":[{"count":1,"href":"https:\/\/le12.ma\/fr\/wp-json\/wp\/v2\/posts\/9556\/revisions"}],"predecessor-version":[{"id":9558,"href":"https:\/\/le12.ma\/fr\/wp-json\/wp\/v2\/posts\/9556\/revisions\/9558"}],"wp:featuredmedia":[{"embeddable":true,"href":"https:\/\/le12.ma\/fr\/wp-json\/wp\/v2\/media\/9557"}],"wp:attachment":[{"href":"https:\/\/le12.ma\/fr\/wp-json\/wp\/v2\/media?parent=9556"}],"wp:term":[{"taxonomy":"category","embeddable":true,"href":"https:\/\/le12.ma\/fr\/wp-json\/wp\/v2\/categories?post=9556"},{"taxonomy":"post_tag","embeddable":true,"href":"https:\/\/le12.ma\/fr\/wp-json\/wp\/v2\/tags?post=9556"},{"taxonomy":"yst_prominent_words","embeddable":true,"href":"https:\/\/le12.ma\/fr\/wp-json\/wp\/v2\/yst_prominent_words?post=9556"}],"curies":[{"name":"wp","href":"https:\/\/api.w.org\/{rel}","templated":true}]}}