{"id":9529,"date":"2020-12-30T11:01:58","date_gmt":"2020-12-30T10:01:58","guid":{"rendered":"https:\/\/le12.ma\/fr\/?p=9529"},"modified":"2020-12-30T11:01:58","modified_gmt":"2020-12-30T10:01:58","slug":"concours-sale-du-court-metrage-documentaire-prolongation-jusquau-au-15-janvier-du-delai-de-depot-des-candidatures-organisateurs","status":"publish","type":"post","link":"https:\/\/le12.ma\/fr\/concours-sale-du-court-metrage-documentaire-prolongation-jusquau-au-15-janvier-du-delai-de-depot-des-candidatures-organisateurs\/","title":{"rendered":"Concours Sal\u00e9 du court-m\u00e9trage documentaire : Prolongation jusqu\u2019au au 15 janvier du d\u00e9lai de d\u00e9p\u00f4t des candidatures (organisateurs)"},"content":{"rendered":"<p><span style=\"color: #ff0000;\"><strong>Rabat \u2013 le12<\/strong><\/span><\/p>\n<p><strong>La Fondation Sal\u00e9 pour la Culture et les arts a annonc\u00e9, mardi, la prolongation pour deux semaines suppl\u00e9mentaires, jusqu\u2019au 15 janvier prochain, du d\u00e9lai de d\u00e9p\u00f4t des candidatures pour le concours \u201cSal\u00e9 pour le court-m\u00e9trage documentaire\u201d.<\/strong><\/p>\n<p><strong>Cette d\u00e9cision, prise en conformit\u00e9 avec les dispositions du r\u00e8glement int\u00e9rieur r\u00e9gissant le concours, intervient en r\u00e9ponse \u00e0 la demande de plusieurs int\u00e9ress\u00e9s, notamment des r\u00e9alisateurs, des producteurs et des professionnels du secteur de l\u2019audiovisuel et du cin\u00e9ma, et en consid\u00e9ration \u00e0 la situation de l\u2019\u00e9tat d\u2019urgence sanitaire, afin de permettre aux int\u00e9ress\u00e9s de compl\u00e9ter leur dossier de candidature et finaliser leurs projets, explique la Fondation dans un communiqu\u00e9.<\/strong><\/p>\n","protected":false},"excerpt":{"rendered":"<p>Rabat \u2013 le12 La Fondation Sal\u00e9 pour la Culture et les arts a annonc\u00e9, mardi, la prolongation pour deux semaines suppl\u00e9mentaires, jusqu\u2019au 15 janvier prochain, du d\u00e9lai de d\u00e9p\u00f4t des candidatures pour le concours \u201cSal\u00e9 pour le court-m\u00e9trage documentaire\u201d. Cette d\u00e9cision, prise en conformit\u00e9 avec les dispositions du r\u00e8glement int\u00e9rieur r\u00e9gissant le concours, intervient en [&hellip;]<\/p>\n","protected":false},"author":4,"featured_media":9530,"comment_status":"open","ping_status":"open","sticky":false,"template":"","format":"standard","meta":[],"categories":[26,31],"tags":[],"yst_prominent_words":[1555,841,4654],"jetpack_featured_media_url":"https:\/\/le12.ma\/fr\/wp-content\/uploads\/2020\/12\/20201230_110030.jpg","_links":{"self":[{"href":"https:\/\/le12.ma\/fr\/wp-json\/wp\/v2\/posts\/9529"}],"collection":[{"href":"https:\/\/le12.ma\/fr\/wp-json\/wp\/v2\/posts"}],"about":[{"href":"https:\/\/le12.ma\/fr\/wp-json\/wp\/v2\/types\/post"}],"author":[{"embeddable":true,"href":"https:\/\/le12.ma\/fr\/wp-json\/wp\/v2\/users\/4"}],"replies":[{"embeddable":true,"href":"https:\/\/le12.ma\/fr\/wp-json\/wp\/v2\/comments?post=9529"}],"version-history":[{"count":1,"href":"https:\/\/le12.ma\/fr\/wp-json\/wp\/v2\/posts\/9529\/revisions"}],"predecessor-version":[{"id":9531,"href":"https:\/\/le12.ma\/fr\/wp-json\/wp\/v2\/posts\/9529\/revisions\/9531"}],"wp:featuredmedia":[{"embeddable":true,"href":"https:\/\/le12.ma\/fr\/wp-json\/wp\/v2\/media\/9530"}],"wp:attachment":[{"href":"https:\/\/le12.ma\/fr\/wp-json\/wp\/v2\/media?parent=9529"}],"wp:term":[{"taxonomy":"category","embeddable":true,"href":"https:\/\/le12.ma\/fr\/wp-json\/wp\/v2\/categories?post=9529"},{"taxonomy":"post_tag","embeddable":true,"href":"https:\/\/le12.ma\/fr\/wp-json\/wp\/v2\/tags?post=9529"},{"taxonomy":"yst_prominent_words","embeddable":true,"href":"https:\/\/le12.ma\/fr\/wp-json\/wp\/v2\/yst_prominent_words?post=9529"}],"curies":[{"name":"wp","href":"https:\/\/api.w.org\/{rel}","templated":true}]}}