{"id":9486,"date":"2020-12-29T14:11:42","date_gmt":"2020-12-29T13:11:42","guid":{"rendered":"https:\/\/le12.ma\/fr\/?p=9486"},"modified":"2020-12-29T14:11:42","modified_gmt":"2020-12-29T13:11:42","slug":"les-archives-du-diplomate-feu-thami-afailal-enrichissent-les-archives-du-maroc","status":"publish","type":"post","link":"https:\/\/le12.ma\/fr\/les-archives-du-diplomate-feu-thami-afailal-enrichissent-les-archives-du-maroc\/","title":{"rendered":"Les archives du diplomate feu Thami Afailal enrichissent les Archives du Maroc"},"content":{"rendered":"<p><span style=\"color: #ff0000;\"><strong>Rabat- le12<\/strong><\/span><\/p>\n<p><strong>L\u2019institution Archives du Maroc a annonc\u00e9, lundi, avoir re\u00e7u des archives du diplomate feu Thami Afailal, comprenant pr\u00e8s de 1.500 documents historiques et 20 tableaux contenant des documents originaux ou en copies.<\/strong><\/p>\n<p><strong>Consciente de l\u2019importance de la sauvegarde, dans de bonnes conditions, de ces archives priv\u00e9es d\u2019int\u00e9r\u00eat g\u00e9n\u00e9ral, Mme Khadija Bouhlal, \u00e9pouse du grand diplomate Thami Afailal (1930-2020), a bien voulu, en guise de donation, confier aux Archives du Maroc environ 1.500 documents historiques et 20 tableaux comprenant des documents originaux ou en copies, a indiqu\u00e9 l\u2019institution dans un communiqu\u00e9.<\/strong><\/p>\n<p><strong>Cette richesse met en exergue le r\u00f4le politique, scientifique et culturel qu\u2019a jou\u00e9 la famille Afailal, originaire de T\u00e9touan, aussi bien au niveau local que national, a soulign\u00e9 la m\u00eame source, notant que le d\u00e9funt, d\u00e9c\u00e9d\u00e9 en septembre dernier, a assur\u00e9 de son vivant des responsabilit\u00e9s diplomatiques dans diff\u00e9rents pays, notamment en Irak, au Liban, en Espagne et en Argentine.<\/strong><\/p>\n<p><strong>L\u2019institution des Archives du Maroc a salu\u00e9 l\u2019initiative noble de Mme Bouhlal, assurant qu\u2019elle s\u2019engage \u00e0 trier et \u00e0 traiter ces archives afin de les sauvegarder dans les meilleures conditions et de les mettre \u00e0 la disposition des chercheurs.<\/strong><\/p>\n<p><strong>Les archives priv\u00e9s jouent un r\u00f4le primordial dans la composition de la m\u00e9moire collective et dans la promotion de la recherche historique, souligne le communiqu\u00e9, relevant que les Archives du Maroc est l\u2019organe administratif charg\u00e9 de la pr\u00e9servation de l\u2019archive nationale \u00e0 travers sa collecte et sa sauvegarde conform\u00e9ment \u00e0 la loi 69.99.<\/strong><\/p>\n","protected":false},"excerpt":{"rendered":"<p>Rabat- le12 L\u2019institution Archives du Maroc a annonc\u00e9, lundi, avoir re\u00e7u des archives du diplomate feu Thami Afailal, comprenant pr\u00e8s de 1.500 documents historiques et 20 tableaux contenant des documents originaux ou en copies. Consciente de l\u2019importance de la sauvegarde, dans de bonnes conditions, de ces archives priv\u00e9es d\u2019int\u00e9r\u00eat g\u00e9n\u00e9ral, Mme Khadija Bouhlal, \u00e9pouse du [&hellip;]<\/p>\n","protected":false},"author":4,"featured_media":9487,"comment_status":"open","ping_status":"open","sticky":false,"template":"","format":"standard","meta":[],"categories":[26,31],"tags":[],"yst_prominent_words":[3830,69],"jetpack_featured_media_url":"https:\/\/le12.ma\/fr\/wp-content\/uploads\/2020\/12\/archives-du-Maroc.jpg","_links":{"self":[{"href":"https:\/\/le12.ma\/fr\/wp-json\/wp\/v2\/posts\/9486"}],"collection":[{"href":"https:\/\/le12.ma\/fr\/wp-json\/wp\/v2\/posts"}],"about":[{"href":"https:\/\/le12.ma\/fr\/wp-json\/wp\/v2\/types\/post"}],"author":[{"embeddable":true,"href":"https:\/\/le12.ma\/fr\/wp-json\/wp\/v2\/users\/4"}],"replies":[{"embeddable":true,"href":"https:\/\/le12.ma\/fr\/wp-json\/wp\/v2\/comments?post=9486"}],"version-history":[{"count":1,"href":"https:\/\/le12.ma\/fr\/wp-json\/wp\/v2\/posts\/9486\/revisions"}],"predecessor-version":[{"id":9488,"href":"https:\/\/le12.ma\/fr\/wp-json\/wp\/v2\/posts\/9486\/revisions\/9488"}],"wp:featuredmedia":[{"embeddable":true,"href":"https:\/\/le12.ma\/fr\/wp-json\/wp\/v2\/media\/9487"}],"wp:attachment":[{"href":"https:\/\/le12.ma\/fr\/wp-json\/wp\/v2\/media?parent=9486"}],"wp:term":[{"taxonomy":"category","embeddable":true,"href":"https:\/\/le12.ma\/fr\/wp-json\/wp\/v2\/categories?post=9486"},{"taxonomy":"post_tag","embeddable":true,"href":"https:\/\/le12.ma\/fr\/wp-json\/wp\/v2\/tags?post=9486"},{"taxonomy":"yst_prominent_words","embeddable":true,"href":"https:\/\/le12.ma\/fr\/wp-json\/wp\/v2\/yst_prominent_words?post=9486"}],"curies":[{"name":"wp","href":"https:\/\/api.w.org\/{rel}","templated":true}]}}