{"id":9390,"date":"2020-12-28T10:18:42","date_gmt":"2020-12-28T09:18:42","guid":{"rendered":"https:\/\/le12.ma\/fr\/?p=9390"},"modified":"2020-12-28T10:18:42","modified_gmt":"2020-12-28T09:18:42","slug":"festival-du-film-educatif-pour-les-enfants-des-centres-destivage-le-film-86-jours-remporte-le-grand-prix-de-la-3e-edition","status":"publish","type":"post","link":"https:\/\/le12.ma\/fr\/festival-du-film-educatif-pour-les-enfants-des-centres-destivage-le-film-86-jours-remporte-le-grand-prix-de-la-3e-edition\/","title":{"rendered":"Festival du film \u00e9ducatif pour les enfants des centres d\u2019estivage : Le film \u201c86 Jours\u201d remporte le grand Prix de la 3\u00e8 \u00e9dition"},"content":{"rendered":"<p><span style=\"color: #ff0000;\"><strong>Rabat \u2013 le12<\/strong><\/span><\/p>\n<p><strong>Le film \u201c86 Jours\u201d, de ses r\u00e9alisateurs Mourad Khalou et Hassan Maanani, a remport\u00e9 dimanche le grand Prix de la 3\u00e8 \u00e9dition du Festival du film \u00e9ducatif pour les enfants des centres d\u2019estivage, tenue en ligne du 25 au 27 d\u00e9cembre.<\/strong><\/p>\n<p><strong>Pr\u00e9sid\u00e9 par le r\u00e9alisateur Az El Arab Alaoui, le jury a port\u00e9 son choix \u00e0 l\u2019unanimit\u00e9 sur ce film pour \u201cses sc\u00e8nes et \u00e9v\u00e9nements exprim\u00e9s dans une langue cin\u00e9matographique affin\u00e9e, utilisant l\u2019esth\u00e9tique dans un cadre professionnel\u201d, indique un communiqu\u00e9 de l\u2019association \u201cImage pour le patrimoine culturel\u201d, organisatrice de cet \u00e9v\u00e9nement tenu sous le th\u00e8me \u201cLe film \u00e9ducatif stimule le dialogue\u201d.<\/strong><\/p>\n","protected":false},"excerpt":{"rendered":"<p>Rabat \u2013 le12 Le film \u201c86 Jours\u201d, de ses r\u00e9alisateurs Mourad Khalou et Hassan Maanani, a remport\u00e9 dimanche le grand Prix de la 3\u00e8 \u00e9dition du Festival du film \u00e9ducatif pour les enfants des centres d\u2019estivage, tenue en ligne du 25 au 27 d\u00e9cembre. Pr\u00e9sid\u00e9 par le r\u00e9alisateur Az El Arab Alaoui, le jury a [&hellip;]<\/p>\n","protected":false},"author":4,"featured_media":9391,"comment_status":"open","ping_status":"open","sticky":false,"template":"","format":"standard","meta":[],"categories":[26,31],"tags":[],"yst_prominent_words":[],"jetpack_featured_media_url":"https:\/\/le12.ma\/fr\/wp-content\/uploads\/2020\/12\/IMG-20201227-WA00081.jpg","_links":{"self":[{"href":"https:\/\/le12.ma\/fr\/wp-json\/wp\/v2\/posts\/9390"}],"collection":[{"href":"https:\/\/le12.ma\/fr\/wp-json\/wp\/v2\/posts"}],"about":[{"href":"https:\/\/le12.ma\/fr\/wp-json\/wp\/v2\/types\/post"}],"author":[{"embeddable":true,"href":"https:\/\/le12.ma\/fr\/wp-json\/wp\/v2\/users\/4"}],"replies":[{"embeddable":true,"href":"https:\/\/le12.ma\/fr\/wp-json\/wp\/v2\/comments?post=9390"}],"version-history":[{"count":1,"href":"https:\/\/le12.ma\/fr\/wp-json\/wp\/v2\/posts\/9390\/revisions"}],"predecessor-version":[{"id":9392,"href":"https:\/\/le12.ma\/fr\/wp-json\/wp\/v2\/posts\/9390\/revisions\/9392"}],"wp:featuredmedia":[{"embeddable":true,"href":"https:\/\/le12.ma\/fr\/wp-json\/wp\/v2\/media\/9391"}],"wp:attachment":[{"href":"https:\/\/le12.ma\/fr\/wp-json\/wp\/v2\/media?parent=9390"}],"wp:term":[{"taxonomy":"category","embeddable":true,"href":"https:\/\/le12.ma\/fr\/wp-json\/wp\/v2\/categories?post=9390"},{"taxonomy":"post_tag","embeddable":true,"href":"https:\/\/le12.ma\/fr\/wp-json\/wp\/v2\/tags?post=9390"},{"taxonomy":"yst_prominent_words","embeddable":true,"href":"https:\/\/le12.ma\/fr\/wp-json\/wp\/v2\/yst_prominent_words?post=9390"}],"curies":[{"name":"wp","href":"https:\/\/api.w.org\/{rel}","templated":true}]}}