{"id":9242,"date":"2020-12-24T12:01:07","date_gmt":"2020-12-24T11:01:07","guid":{"rendered":"https:\/\/le12.ma\/fr\/?p=9242"},"modified":"2020-12-24T12:01:07","modified_gmt":"2020-12-24T11:01:07","slug":"culture-et-art-une-annee-presque-blanche","status":"publish","type":"post","link":"https:\/\/le12.ma\/fr\/culture-et-art-une-annee-presque-blanche\/","title":{"rendered":"Culture et art: Une ann\u00e9e \u201cpresque blanche\u201d"},"content":{"rendered":"<p><span style=\"color: #ff0000;\"><strong>Rabat \u2013le12<\/strong><\/span><\/p>\n<p><strong>\u00a0La pand\u00e9mie de Coronavirus a \u00e9t\u00e9 au centre de l\u2019actualit\u00e9 de 2020, en raison de ses r\u00e9percussions mondiales, qui continuent de se refl\u00e9ter sur plusieurs secteurs, notamment celui de la culture et de l\u2019art, marqu\u00e9 par un gel \u201cpresque total\u201d et accentu\u00e9 par la disparition de plusieurs de ses pionniers, dressant ainsi le bilan d\u2019une ann\u00e9e \u201cpresque blanche\u201d.<\/strong><\/p>\n<p><strong>En effet, les neuf derniers mois de l\u2019ann\u00e9e 2020 ont \u00e9t\u00e9 marqu\u00e9s, depuis l\u2019instauration de l\u2019\u00e9tat d\u2019urgence sanitaire au Maroc visant \u00e0 endiguer la propagation de la Covid-19, par un arr\u00eat quasi-total des manifestations culturelles et artistiques, dont certaines ont \u00e9t\u00e9 interdites et d\u2019autres suspendues, compte tenu de leur aspect de masse, qu\u2019il s\u2019agisse du th\u00e9\u00e2tre, du cin\u00e9ma ou des festivals de musique.<\/strong><\/p>\n<p><strong>Dans un diagnostic mis en avant par le pr\u00e9sident de la Fondation Sal\u00e9 pour la Culture et les Arts, Mohamed Lotfi Mrini, a estim\u00e9 que \u201cl\u2019ann\u00e9e 2020 a \u00e9t\u00e9, pour la culture et les arts, une ann\u00e9e presque blanche\u201d, expliquant dans ce sens que c\u2019est la nature m\u00eame du virus qui a restreint les d\u00e9placements et regroupements, et engendr\u00e9, entre autres, l\u2019annulation de grands \u00e9v\u00e9nements, ainsi que la fermeture de biblioth\u00e8ques et d\u2019institutions culturelles, dont les salles de cin\u00e9ma.<\/strong><\/p>\n<p><strong>Il a ajout\u00e9, dans sa d\u00e9claration \u00e0 la MAP, que \u201cces mesures instaur\u00e9es ont men\u00e9 \u00e0 une paralysie artistico-culturelle dans les espaces publics\u201d, en plus de leurs lourdes cons\u00e9quences sur la situation sociale d\u2019une large tranche d\u2019employ\u00e9s \u00e9voluant dans le milieu, dans la mesure o\u00f9 \u201cplus de 1.000 familles impliqu\u00e9es dans cette industrie ont \u00e9t\u00e9 directement affect\u00e9es par cet arr\u00eat\u201d.<\/strong><\/p>\n<p><strong>Par ailleurs, le pr\u00e9sident de la Fondation Sal\u00e9 pour la Culture et les Arts a indiqu\u00e9 que \u201cle soutien exceptionnel octroy\u00e9 par le minist\u00e8re de la Culture, de la Jeunesse et des Sports a contribu\u00e9 \u00e0 l\u2019all\u00e8gement de l\u2019impact de la pand\u00e9mie sur les travailleurs du secteur, notamment celui de l\u2019\u00e9dition et du livre\u201d et ce, \u201cdans une p\u00e9riode qui a connu la raret\u00e9 des aides relatives \u00e0 l\u2019organisation des manifestations culturelles et artistiques, accord\u00e9es par les collectivit\u00e9s territoriales\u201d.<\/strong><\/p>\n<p><strong>En r\u00e9alit\u00e9, seul un \u201catterrissage d\u2019urgence\u201d des activit\u00e9s et manifestations culturelles et artistiques sur les plateformes digitales a permis au secteur de survivre dans son combat contre le virus, \u00e9tant donn\u00e9 que plusieurs organisateurs de festivals de cin\u00e9ma et de musique ont initi\u00e9 des \u00e9ditions num\u00e9riques sur les r\u00e9seaux sociaux, pour assurer la continuit\u00e9 de leurs manifestations aupr\u00e8s du public et ainsi, all\u00e9ger les maux de ce virus sur les esprits, particuli\u00e8rement lors de la p\u00e9riode de confinement.<\/strong><\/p>\n<p><strong>A cet effet, M. Mrini a affirm\u00e9 que le recours aux r\u00e9seaux sociaux par les acteurs culturels pour mettre en valeur leurs activit\u00e9s a contribu\u00e9 \u201c\u00e0 rattraper partiellement les pertes de l\u2019offre culturelle\u201d.<\/strong><\/p>\n<p><strong>Toutefois, a-t-il relev\u00e9, alors que \u201cle d\u00e9partement de tutelle et les collectivit\u00e9s territoriales auraient pu \u0153uvrer pour une mise en place massive des plates-formes artistiques num\u00e9riques et d\u00e9velopper des m\u00e9canismes pour encourager la production artistique et \u00e9largir, en cons\u00e9quence, le cercle du grand public, ils se sont content\u00e9s d\u2019une intervention routini\u00e8re, jug\u00e9 faible dans cette conjoncture exceptionnelle\u201d.<\/strong><\/p>\n<p><strong>En outre, le pr\u00e9sident de la Fondation a exprim\u00e9 sa crainte quant \u00e0 l\u2019ann\u00e9e \u00e0 venir \u201cqui ne sera pas meilleure que la pr\u00e9c\u00e9dente\u201d, s\u2019agissant d\u2019une ann\u00e9e \u00e9lectorale qui ne permet pas de d\u00e9velopper de nouveaux programmes par un gouvernement en fin de mandat.<\/strong><\/p>\n<p><strong>Concernant la situation du secteur de la culture et des arts durant l\u2019ann\u00e9e 2020, le pr\u00e9sident de la Fondation Tayeb Saddiki pour la Culture et la Cr\u00e9ation, Bakr Seddiki, a fait savoir dans une d\u00e9claration similaire, que la pand\u00e9mie de la Covid-19 a \u201cpresque suspendu\u201d les activit\u00e9s culturelles, en rompant la relation intime qui les lient au public et aux espaces de spectacles.<\/strong><\/p>\n<p><strong>Selon M. Seddiki, la pand\u00e9mie a lev\u00e9 le voile sur \u201cla fragilit\u00e9 du secteur de la culture et des arts, toujours en cours de structuration, les textes de loi n\u2019\u00e9tant toujours pas entr\u00e9 en vigueur, notamment ceux qui ont trait \u00e0 l\u2019artiste et aux m\u00e9tiers de l\u2019art\u201d.<\/strong><\/p>\n<p><strong>Et de souligner que beaucoup d\u2019artistes ont \u00e9t\u00e9 touch\u00e9s mat\u00e9riellement par l\u2019arr\u00eat de leurs activit\u00e9s et n\u2019ont pu b\u00e9n\u00e9fici\u00e9 que de l\u2019appui octroy\u00e9 aux travailleurs relevant du secteur informel.<\/strong><\/p>\n<p><strong>Il a \u00e9galement \u00e9voqu\u00e9 le r\u00f4le jou\u00e9 par les artistes, musiciens et acteurs, dans la sensibilisation contre la propagation de la Covid-19, essentiellement en p\u00e9riode de confinement, en plus de leur pr\u00e9sence consid\u00e9rable sur les r\u00e9seaux sociaux, marqu\u00e9e par diverses manifestations culturelles et artistiques et ce, malgr\u00e9 la difficult\u00e9 \u00e0 remplacer les activit\u00e9s n\u00e9cessitant une interaction entre le public et l\u2019artiste.<\/strong><\/p>\n<p><strong>D\u2019apr\u00e8s le pr\u00e9sident de la Fondation Tayeb Seddiki, il est essentiel de tirer profit de la le\u00e7on de la Covid-19, en renfor\u00e7ant le r\u00f4le des artistes et en consacrant leur r\u00f4le dans la culture et la promotion sociale, rappelant que de nombreuses probl\u00e9matiques ont \u00e9t\u00e9 trait\u00e9es par le cin\u00e9ma, le th\u00e9\u00e2tre et les \u0153uvres t\u00e9l\u00e9vis\u00e9es, documentant avec succ\u00e8s une partie importante du patrimoine marocain non-\u00e9crit.<\/strong><\/p>\n<p><strong>Il a not\u00e9, \u00e0 cet \u00e9gard, que le Maroc qui s\u2019appr\u00eate \u00e0 adopter un nouveau mod\u00e8le de d\u00e9veloppement, se doit de placer la culture au c\u0153ur de ses priorit\u00e9s, tout en adoptant une politique globale des industries culturelles en harmonie avec le 21\u00e8me si\u00e8cle et favorable \u00e0 l\u2019exportation du produit culturel national.<\/strong><\/p>\n<p><strong>En plus d\u2019\u00eatre affect\u00e9 par les r\u00e9percussions de la pand\u00e9mie, le secteur de l\u2019art et de la culture a \u00e9t\u00e9 tachet\u00e9, en 2020, par la perte d\u2019artistes, d\u2019acteurs et d\u2019intellectuels, ayant marqu\u00e9 de leur empreinte la sc\u00e8ne artistique nationale.<\/strong><\/p>\n<p><strong>En effet, cette ann\u00e9e singuli\u00e8re a \u00e9t\u00e9 caract\u00e9ris\u00e9e par la disparition de personnalit\u00e9s de renom dans le secteur de la culture et de l\u2019art au Maroc, parmi lesquelles l\u2019artiste et ancienne ministre de la Culture, Touria Jebrane, l\u2019ancien directeur de la cha\u00eene de t\u00e9l\u00e9vision 2M et du Centre cin\u00e9matographique marocain (CCM), Noureddine Sa\u00efl, les acteurs Abdeljabbar Louzir, Abdeladim Chennaoui, Aziz Saadallah et Anwar El Joundi en plus du chanteur Mahmoud El Idrissi, du metteur en sc\u00e8ne et r\u00e9alisateur, Abdessamad Dinia, et de l\u2019artiste peintre Mohamed Melehi.<\/strong><\/p>\n<p><strong>L\u2019ann\u00e9e 2020 aura \u00e9t\u00e9 douloureuse pour le secteur de la culture et de l\u2019art, \u00e0 la fois en raison de la pand\u00e9mie de Coronavirus, qui lui a impos\u00e9 une phase \u201cblanche\u201d, et de la disparition de ses pionniers, qui ont laiss\u00e9 derri\u00e8re eux une peine inconsolable.<\/strong><\/p>\n","protected":false},"excerpt":{"rendered":"<p>Rabat \u2013le12 \u00a0La pand\u00e9mie de Coronavirus a \u00e9t\u00e9 au centre de l\u2019actualit\u00e9 de 2020, en raison de ses r\u00e9percussions mondiales, qui continuent de se refl\u00e9ter sur plusieurs secteurs, notamment celui de la culture et de l\u2019art, marqu\u00e9 par un gel \u201cpresque total\u201d et accentu\u00e9 par la disparition de plusieurs de ses pionniers, dressant ainsi le [&hellip;]<\/p>\n","protected":false},"author":4,"featured_media":9243,"comment_status":"open","ping_status":"open","sticky":false,"template":"","format":"standard","meta":[],"categories":[26,31],"tags":[],"yst_prominent_words":[583,905,2692,3569],"jetpack_featured_media_url":"https:\/\/le12.ma\/fr\/wp-content\/uploads\/2020\/12\/theatre-504x300-504x300-1.jpg","_links":{"self":[{"href":"https:\/\/le12.ma\/fr\/wp-json\/wp\/v2\/posts\/9242"}],"collection":[{"href":"https:\/\/le12.ma\/fr\/wp-json\/wp\/v2\/posts"}],"about":[{"href":"https:\/\/le12.ma\/fr\/wp-json\/wp\/v2\/types\/post"}],"author":[{"embeddable":true,"href":"https:\/\/le12.ma\/fr\/wp-json\/wp\/v2\/users\/4"}],"replies":[{"embeddable":true,"href":"https:\/\/le12.ma\/fr\/wp-json\/wp\/v2\/comments?post=9242"}],"version-history":[{"count":1,"href":"https:\/\/le12.ma\/fr\/wp-json\/wp\/v2\/posts\/9242\/revisions"}],"predecessor-version":[{"id":9244,"href":"https:\/\/le12.ma\/fr\/wp-json\/wp\/v2\/posts\/9242\/revisions\/9244"}],"wp:featuredmedia":[{"embeddable":true,"href":"https:\/\/le12.ma\/fr\/wp-json\/wp\/v2\/media\/9243"}],"wp:attachment":[{"href":"https:\/\/le12.ma\/fr\/wp-json\/wp\/v2\/media?parent=9242"}],"wp:term":[{"taxonomy":"category","embeddable":true,"href":"https:\/\/le12.ma\/fr\/wp-json\/wp\/v2\/categories?post=9242"},{"taxonomy":"post_tag","embeddable":true,"href":"https:\/\/le12.ma\/fr\/wp-json\/wp\/v2\/tags?post=9242"},{"taxonomy":"yst_prominent_words","embeddable":true,"href":"https:\/\/le12.ma\/fr\/wp-json\/wp\/v2\/yst_prominent_words?post=9242"}],"curies":[{"name":"wp","href":"https:\/\/api.w.org\/{rel}","templated":true}]}}