{"id":8983,"date":"2020-12-17T13:00:06","date_gmt":"2020-12-17T12:00:06","guid":{"rendered":"https:\/\/le12.ma\/fr\/?p=8983"},"modified":"2020-12-17T13:00:06","modified_gmt":"2020-12-17T12:00:06","slug":"mise-en-relief-en-australie-du-role-de-sm-le-roi-mohammed-vi-dans-la-promotion-dun-islam-modere","status":"publish","type":"post","link":"https:\/\/le12.ma\/fr\/mise-en-relief-en-australie-du-role-de-sm-le-roi-mohammed-vi-dans-la-promotion-dun-islam-modere\/","title":{"rendered":"Mise en relief en Australie du r\u00f4le de SM le Roi Mohammed VI dans la promotion d\u2019un Islam mod\u00e9r\u00e9"},"content":{"rendered":"<p><span style=\"color: #ff0000;\"><strong>Canberra \u2013 le12<\/strong><\/span><\/p>\n<p><strong>SM le Roi Mohammed VI, tout comme son p\u00e8re feu SM Hassan II, se sont projet\u00e9s comme les promoteurs d\u2019un Islam mod\u00e9r\u00e9 et des r\u00e9formateurs avis\u00e9s, souligne le Professeur \u00e9m\u00e9rite \u00e0 l\u2019Universit\u00e9 de Western Australia, Amin Saikal.<\/strong><\/p>\n<p><strong>L\u2019universitaire revient, dans un article publi\u00e9 jeudi par le Think Tank \u201cAustralian Strategic Policy Institute\u201d (ASPI), sur la politique \u00e9trang\u00e8re marocaine bas\u00e9e sur la mod\u00e9ration et l\u2019engagement dans le cadre multilat\u00e9ral, ainsi que sur les efforts de promotion de l\u2019Islam tol\u00e9rant, sous la conduite \u00e9clair\u00e9e de SM le Roi Mohammed VI et de Feu SM Hassan II.<\/strong><\/p>\n<p><strong>Saikal affirme, \u00e0 cet \u00e9gard, que le Royaume \u201ca largement \u00e9t\u00e9 un conciliateur multilat\u00e9raliste dans ses dispositions de politique \u00e9trang\u00e8re\u201d.<\/strong><\/p>\n<p><strong>R\u00e9agissant \u00e0 l\u2019annonce de la r\u00e9activation des m\u00e9canismes des relations entre le Maroc et Isra\u00ebl, cet ancien Directeur de l\u2019Institut des \u00c9tudes Arabes et Islamiques de l\u2019Universit\u00e9 Nationale Australienne a relev\u00e9 que Rabat a \u00e9galement laiss\u00e9 entendre que le retour des relations avec Isra\u00ebl n\u2019affecterait en rien sa position traditionnelle en faveur du droit des Palestiniens \u00e0 une solution \u00e0 deux \u00c9tats.<\/strong><\/p>\n<p><strong>En fait, le Maroc est revenu \u00e0 une position similaire \u00e0 celle adopt\u00e9e dans le pass\u00e9, soutenant la lutte palestinienne pour la libert\u00e9 et l\u2019ind\u00e9pendance, tout en renouant des relations limit\u00e9es avec Isra\u00ebl, a-t-il not\u00e9.<\/strong><\/p>\n<p><strong>L\u2019universitaire souligne aussi l\u2019importance de l\u2019annonce faite par l\u2019Administration am\u00e9ricaine de sa reconnaissance de la marocanit\u00e9 du Sahara, notant qu\u2019il s\u2019agit l\u00e0 d\u2019un soutien de poids en faveur de la souverainet\u00e9 pleine et enti\u00e8re du Royaume sur ce territoire.<\/strong><\/p>\n","protected":false},"excerpt":{"rendered":"<p>Canberra \u2013 le12 SM le Roi Mohammed VI, tout comme son p\u00e8re feu SM Hassan II, se sont projet\u00e9s comme les promoteurs d\u2019un Islam mod\u00e9r\u00e9 et des r\u00e9formateurs avis\u00e9s, souligne le Professeur \u00e9m\u00e9rite \u00e0 l\u2019Universit\u00e9 de Western Australia, Amin Saikal. L\u2019universitaire revient, dans un article publi\u00e9 jeudi par le Think Tank \u201cAustralian Strategic Policy Institute\u201d [&hellip;]<\/p>\n","protected":false},"author":4,"featured_media":8984,"comment_status":"open","ping_status":"open","sticky":false,"template":"","format":"standard","meta":[],"categories":[26,31],"tags":[],"yst_prominent_words":[3938,5653,4432,1499,1490,613,1484,734,1518,1512,3012,3005,2535],"jetpack_featured_media_url":"https:\/\/le12.ma\/fr\/wp-content\/uploads\/2020\/12\/mosquee-2.jpg","_links":{"self":[{"href":"https:\/\/le12.ma\/fr\/wp-json\/wp\/v2\/posts\/8983"}],"collection":[{"href":"https:\/\/le12.ma\/fr\/wp-json\/wp\/v2\/posts"}],"about":[{"href":"https:\/\/le12.ma\/fr\/wp-json\/wp\/v2\/types\/post"}],"author":[{"embeddable":true,"href":"https:\/\/le12.ma\/fr\/wp-json\/wp\/v2\/users\/4"}],"replies":[{"embeddable":true,"href":"https:\/\/le12.ma\/fr\/wp-json\/wp\/v2\/comments?post=8983"}],"version-history":[{"count":1,"href":"https:\/\/le12.ma\/fr\/wp-json\/wp\/v2\/posts\/8983\/revisions"}],"predecessor-version":[{"id":8985,"href":"https:\/\/le12.ma\/fr\/wp-json\/wp\/v2\/posts\/8983\/revisions\/8985"}],"wp:featuredmedia":[{"embeddable":true,"href":"https:\/\/le12.ma\/fr\/wp-json\/wp\/v2\/media\/8984"}],"wp:attachment":[{"href":"https:\/\/le12.ma\/fr\/wp-json\/wp\/v2\/media?parent=8983"}],"wp:term":[{"taxonomy":"category","embeddable":true,"href":"https:\/\/le12.ma\/fr\/wp-json\/wp\/v2\/categories?post=8983"},{"taxonomy":"post_tag","embeddable":true,"href":"https:\/\/le12.ma\/fr\/wp-json\/wp\/v2\/tags?post=8983"},{"taxonomy":"yst_prominent_words","embeddable":true,"href":"https:\/\/le12.ma\/fr\/wp-json\/wp\/v2\/yst_prominent_words?post=8983"}],"curies":[{"name":"wp","href":"https:\/\/api.w.org\/{rel}","templated":true}]}}