{"id":8879,"date":"2020-12-16T10:24:36","date_gmt":"2020-12-16T09:24:36","guid":{"rendered":"https:\/\/le12.ma\/fr\/?p=8879"},"modified":"2020-12-16T10:24:36","modified_gmt":"2020-12-16T09:24:36","slug":"noureddine-sail-nest-plus","status":"publish","type":"post","link":"https:\/\/le12.ma\/fr\/noureddine-sail-nest-plus\/","title":{"rendered":"Noureddine Sa\u00efl n\u2019est plus"},"content":{"rendered":"<p><span style=\"color: #ff0000;\"><strong>Rabat \u2013 le12<\/strong><\/span><\/p>\n<p><strong>L\u2019ancien directeur de la cha\u00eene de t\u00e9l\u00e9vision 2M et du Centre Cin\u00e9matographique Marocain (CCM), Noureddine Sa\u00efl, est d\u00e9c\u00e9d\u00e9 dans la nuit de mardi \u00e0 mercredi, \u00e0 l\u2019\u00e2ge de 73 ans, a-t-on appris aupr\u00e8s de sa famille.<\/strong><\/p>\n<p><strong>Sc\u00e9nariste, romancier et producteur, le d\u00e9funt \u00e9tait une figure incontournable et une valeur s\u00fbre de la sc\u00e8ne culturelle marocaine.<\/strong><\/p>\n<p><strong>Il \u00e9tait le fondateur, en 1973, de la F\u00e9d\u00e9ration nationale des cin\u00e9-clubs du Maroc, qui a jou\u00e9 un r\u00f4le pionnier dans la diffusion de la culture cin\u00e9matographique au Royaume.<\/strong><\/p>\n<p><strong>Apr\u00e8s un d\u00e9but de carri\u00e8re \u00e0 la premi\u00e8re cha\u00eene de t\u00e9l\u00e9vision marocaine TVM et \u00e0 la cha\u00eene de t\u00e9l\u00e9vision fran\u00e7aise Canal Plus Horizon, feu Sa\u00efl a pr\u00e9sid\u00e9 aux destin\u00e9es de 2M (2000-2003) et puis du CCM (2003-2014) qu\u2019il a marqu\u00e9s de sa rigueur professionnelle et de son exigence intellectuelle.<\/strong><\/p>\n<p><strong>Le d\u00e9funt marquera pour longtemps le monde du cin\u00e9ma africain apr\u00e8s avoir cr\u00e9\u00e9 le Festival du cin\u00e9ma africain de Khouribga, qui est devenu au fil des ans un rendez-vous incontournable des cin\u00e9philes venus d\u2019Afrique et d\u2019ailleurs<\/strong><\/p>\n","protected":false},"excerpt":{"rendered":"<p>Rabat \u2013 le12 L\u2019ancien directeur de la cha\u00eene de t\u00e9l\u00e9vision 2M et du Centre Cin\u00e9matographique Marocain (CCM), Noureddine Sa\u00efl, est d\u00e9c\u00e9d\u00e9 dans la nuit de mardi \u00e0 mercredi, \u00e0 l\u2019\u00e2ge de 73 ans, a-t-on appris aupr\u00e8s de sa famille. Sc\u00e9nariste, romancier et producteur, le d\u00e9funt \u00e9tait une figure incontournable et une valeur s\u00fbre de la [&hellip;]<\/p>\n","protected":false},"author":4,"featured_media":8880,"comment_status":"open","ping_status":"open","sticky":false,"template":"","format":"standard","meta":[],"categories":[26,31,24],"tags":[],"yst_prominent_words":[919,451,4794,1000,1367,4101,244],"jetpack_featured_media_url":"https:\/\/le12.ma\/fr\/wp-content\/uploads\/2020\/12\/\u0646\u0648\u0631-\u0627\u0644\u062f\u064a\u0646-\u0627\u0644\u0635\u0627\u064a\u0644.jpg","_links":{"self":[{"href":"https:\/\/le12.ma\/fr\/wp-json\/wp\/v2\/posts\/8879"}],"collection":[{"href":"https:\/\/le12.ma\/fr\/wp-json\/wp\/v2\/posts"}],"about":[{"href":"https:\/\/le12.ma\/fr\/wp-json\/wp\/v2\/types\/post"}],"author":[{"embeddable":true,"href":"https:\/\/le12.ma\/fr\/wp-json\/wp\/v2\/users\/4"}],"replies":[{"embeddable":true,"href":"https:\/\/le12.ma\/fr\/wp-json\/wp\/v2\/comments?post=8879"}],"version-history":[{"count":1,"href":"https:\/\/le12.ma\/fr\/wp-json\/wp\/v2\/posts\/8879\/revisions"}],"predecessor-version":[{"id":8881,"href":"https:\/\/le12.ma\/fr\/wp-json\/wp\/v2\/posts\/8879\/revisions\/8881"}],"wp:featuredmedia":[{"embeddable":true,"href":"https:\/\/le12.ma\/fr\/wp-json\/wp\/v2\/media\/8880"}],"wp:attachment":[{"href":"https:\/\/le12.ma\/fr\/wp-json\/wp\/v2\/media?parent=8879"}],"wp:term":[{"taxonomy":"category","embeddable":true,"href":"https:\/\/le12.ma\/fr\/wp-json\/wp\/v2\/categories?post=8879"},{"taxonomy":"post_tag","embeddable":true,"href":"https:\/\/le12.ma\/fr\/wp-json\/wp\/v2\/tags?post=8879"},{"taxonomy":"yst_prominent_words","embeddable":true,"href":"https:\/\/le12.ma\/fr\/wp-json\/wp\/v2\/yst_prominent_words?post=8879"}],"curies":[{"name":"wp","href":"https:\/\/api.w.org\/{rel}","templated":true}]}}