{"id":8856,"date":"2020-12-15T16:00:07","date_gmt":"2020-12-15T15:00:07","guid":{"rendered":"https:\/\/le12.ma\/fr\/?p=8856"},"modified":"2020-12-15T15:32:54","modified_gmt":"2020-12-15T14:32:54","slug":"essaouira-le-matrouz-dans-tous-ses-etats-au-17eme-festival-des-andalousies-atlantiques","status":"publish","type":"post","link":"https:\/\/le12.ma\/fr\/essaouira-le-matrouz-dans-tous-ses-etats-au-17eme-festival-des-andalousies-atlantiques\/","title":{"rendered":"Essaouira : Le \u201cMatrouz\u201d dans tous ses \u00e9tats au 17\u00e8me Festival des Andalousies Atlantiques"},"content":{"rendered":"<p><span style=\"color: #ff0000;\"><strong>Essaouira \u2013le12<\/strong><\/span><\/p>\n<p><strong>\u00a0Les amoureux de la bonne musique, au Maroc et ailleurs, ont \u00e9t\u00e9 gratifi\u00e9s, lundi soir, dans le cadre du 17\u00e8me Festival des Andalousies Atlantiques, qui se d\u00e9roule cette ann\u00e9e en mode virtuel, Covid-19 oblige, d\u2019un concert m\u00e9morable ayant c\u00e9l\u00e9br\u00e9 les plus belles pages du riche r\u00e9pertoire du \u201cMatrouz\u201d, avec \u00e0 la cl\u00e9 de purs moments de plaisir partag\u00e9s et de jolies retrouvailles pour l\u2019\u00e9coute de cette musique \u201cbrod\u00e9e\u201d.<\/strong><\/p>\n","protected":false},"excerpt":{"rendered":"<p>Essaouira \u2013le12 \u00a0Les amoureux de la bonne musique, au Maroc et ailleurs, ont \u00e9t\u00e9 gratifi\u00e9s, lundi soir, dans le cadre du 17\u00e8me Festival des Andalousies Atlantiques, qui se d\u00e9roule cette ann\u00e9e en mode virtuel, Covid-19 oblige, d\u2019un concert m\u00e9morable ayant c\u00e9l\u00e9br\u00e9 les plus belles pages du riche r\u00e9pertoire du \u201cMatrouz\u201d, avec \u00e0 la cl\u00e9 de [&hellip;]<\/p>\n","protected":false},"author":4,"featured_media":8857,"comment_status":"open","ping_status":"open","sticky":false,"template":"","format":"standard","meta":[],"categories":[26,31],"tags":[],"yst_prominent_words":[],"jetpack_featured_media_url":"https:\/\/le12.ma\/fr\/wp-content\/uploads\/2020\/12\/essaouira-matrouz.jpg","_links":{"self":[{"href":"https:\/\/le12.ma\/fr\/wp-json\/wp\/v2\/posts\/8856"}],"collection":[{"href":"https:\/\/le12.ma\/fr\/wp-json\/wp\/v2\/posts"}],"about":[{"href":"https:\/\/le12.ma\/fr\/wp-json\/wp\/v2\/types\/post"}],"author":[{"embeddable":true,"href":"https:\/\/le12.ma\/fr\/wp-json\/wp\/v2\/users\/4"}],"replies":[{"embeddable":true,"href":"https:\/\/le12.ma\/fr\/wp-json\/wp\/v2\/comments?post=8856"}],"version-history":[{"count":1,"href":"https:\/\/le12.ma\/fr\/wp-json\/wp\/v2\/posts\/8856\/revisions"}],"predecessor-version":[{"id":8858,"href":"https:\/\/le12.ma\/fr\/wp-json\/wp\/v2\/posts\/8856\/revisions\/8858"}],"wp:featuredmedia":[{"embeddable":true,"href":"https:\/\/le12.ma\/fr\/wp-json\/wp\/v2\/media\/8857"}],"wp:attachment":[{"href":"https:\/\/le12.ma\/fr\/wp-json\/wp\/v2\/media?parent=8856"}],"wp:term":[{"taxonomy":"category","embeddable":true,"href":"https:\/\/le12.ma\/fr\/wp-json\/wp\/v2\/categories?post=8856"},{"taxonomy":"post_tag","embeddable":true,"href":"https:\/\/le12.ma\/fr\/wp-json\/wp\/v2\/tags?post=8856"},{"taxonomy":"yst_prominent_words","embeddable":true,"href":"https:\/\/le12.ma\/fr\/wp-json\/wp\/v2\/yst_prominent_words?post=8856"}],"curies":[{"name":"wp","href":"https:\/\/api.w.org\/{rel}","templated":true}]}}