{"id":8761,"date":"2020-12-14T15:16:50","date_gmt":"2020-12-14T14:16:50","guid":{"rendered":"https:\/\/le12.ma\/fr\/?p=8761"},"modified":"2020-12-14T15:16:50","modified_gmt":"2020-12-14T14:16:50","slug":"essaouira-ouverture-en-ligne-du-17eme-festival-des-andalousies-atlantiques-sous-le-signe-de-la-virtuosite-et-de-la-convivialite","status":"publish","type":"post","link":"https:\/\/le12.ma\/fr\/essaouira-ouverture-en-ligne-du-17eme-festival-des-andalousies-atlantiques-sous-le-signe-de-la-virtuosite-et-de-la-convivialite\/","title":{"rendered":"Essaouira : Ouverture en ligne du 17\u00e8me Festival des Andalousies Atlantiques, sous le signe de la virtuosit\u00e9 et de la convivialit\u00e9"},"content":{"rendered":"<p>&nbsp;<\/p>\n<p><span style=\"color: #ff0000;\"><strong>Essaouira \u2013 le12<\/strong><\/span><\/p>\n<p><strong>Le coup d\u2019envoi de la 17\u00e8me \u00e9dition du Festival des Andalousies Atlantiques d\u2019Essaouira a \u00e9t\u00e9 donn\u00e9, dimanche soir en mode virtuel, sous le signe de la virtuosit\u00e9 et de la convivialit\u00e9, au grand bonheur des festivaliers nationaux et \u00e9trangers.<\/strong><\/p>\n","protected":false},"excerpt":{"rendered":"<p>&nbsp; Essaouira \u2013 le12 Le coup d\u2019envoi de la 17\u00e8me \u00e9dition du Festival des Andalousies Atlantiques d\u2019Essaouira a \u00e9t\u00e9 donn\u00e9, dimanche soir en mode virtuel, sous le signe de la virtuosit\u00e9 et de la convivialit\u00e9, au grand bonheur des festivaliers nationaux et \u00e9trangers.<\/p>\n","protected":false},"author":4,"featured_media":8762,"comment_status":"open","ping_status":"open","sticky":false,"template":"","format":"standard","meta":[],"categories":[26,31],"tags":[],"yst_prominent_words":[],"jetpack_featured_media_url":"https:\/\/le12.ma\/fr\/wp-content\/uploads\/2020\/12\/Sans-titre73.jpg","_links":{"self":[{"href":"https:\/\/le12.ma\/fr\/wp-json\/wp\/v2\/posts\/8761"}],"collection":[{"href":"https:\/\/le12.ma\/fr\/wp-json\/wp\/v2\/posts"}],"about":[{"href":"https:\/\/le12.ma\/fr\/wp-json\/wp\/v2\/types\/post"}],"author":[{"embeddable":true,"href":"https:\/\/le12.ma\/fr\/wp-json\/wp\/v2\/users\/4"}],"replies":[{"embeddable":true,"href":"https:\/\/le12.ma\/fr\/wp-json\/wp\/v2\/comments?post=8761"}],"version-history":[{"count":1,"href":"https:\/\/le12.ma\/fr\/wp-json\/wp\/v2\/posts\/8761\/revisions"}],"predecessor-version":[{"id":8763,"href":"https:\/\/le12.ma\/fr\/wp-json\/wp\/v2\/posts\/8761\/revisions\/8763"}],"wp:featuredmedia":[{"embeddable":true,"href":"https:\/\/le12.ma\/fr\/wp-json\/wp\/v2\/media\/8762"}],"wp:attachment":[{"href":"https:\/\/le12.ma\/fr\/wp-json\/wp\/v2\/media?parent=8761"}],"wp:term":[{"taxonomy":"category","embeddable":true,"href":"https:\/\/le12.ma\/fr\/wp-json\/wp\/v2\/categories?post=8761"},{"taxonomy":"post_tag","embeddable":true,"href":"https:\/\/le12.ma\/fr\/wp-json\/wp\/v2\/tags?post=8761"},{"taxonomy":"yst_prominent_words","embeddable":true,"href":"https:\/\/le12.ma\/fr\/wp-json\/wp\/v2\/yst_prominent_words?post=8761"}],"curies":[{"name":"wp","href":"https:\/\/api.w.org\/{rel}","templated":true}]}}