{"id":8648,"date":"2020-12-12T15:00:38","date_gmt":"2020-12-12T14:00:38","guid":{"rendered":"https:\/\/le12.ma\/fr\/?p=8648"},"modified":"2020-12-12T13:51:24","modified_gmt":"2020-12-12T12:51:24","slug":"lactrice-marocaine-nisrin-erradi-parmi-les-revelations-des-cesar","status":"publish","type":"post","link":"https:\/\/le12.ma\/fr\/lactrice-marocaine-nisrin-erradi-parmi-les-revelations-des-cesar\/","title":{"rendered":"L\u2019actrice marocaine Nisrin Erradi parmi les \u201cR\u00e9v\u00e9lations\u201d des C\u00e9sar"},"content":{"rendered":"<p><span style=\"color: #ff0000;\"><strong>Casablanca \u2013 le12<\/strong><\/span><\/p>\n<p><strong>L\u2019actrice marocaine Nisrin Erradi, r\u00e9v\u00e9l\u00e9e dans le r\u00f4le de Samia dans le film \u201cAdam\u201d, a \u00e9t\u00e9 choisie parmi les \u201cR\u00e9v\u00e9lations\u201d des C\u00e9sar 2021, r\u00e9compenses cin\u00e9matographiques majeures en France.<\/strong><\/p>\n<p><strong>Le comit\u00e9 R\u00e9v\u00e9lations de l\u2019Acad\u00e9mie des C\u00e9sar s\u2019est r\u00e9uni, r\u00e9cemment, pour \u00e9tablir la liste de 12 com\u00e9diennes et 12 com\u00e9diens de cette cat\u00e9gorie, dont certains devraient \u00eatre en comp\u00e9tition pour les titres des meilleurs espoirs masculin et f\u00e9minin.<\/strong><\/p>\n","protected":false},"excerpt":{"rendered":"<p>Casablanca \u2013 le12 L\u2019actrice marocaine Nisrin Erradi, r\u00e9v\u00e9l\u00e9e dans le r\u00f4le de Samia dans le film \u201cAdam\u201d, a \u00e9t\u00e9 choisie parmi les \u201cR\u00e9v\u00e9lations\u201d des C\u00e9sar 2021, r\u00e9compenses cin\u00e9matographiques majeures en France. Le comit\u00e9 R\u00e9v\u00e9lations de l\u2019Acad\u00e9mie des C\u00e9sar s\u2019est r\u00e9uni, r\u00e9cemment, pour \u00e9tablir la liste de 12 com\u00e9diennes et 12 com\u00e9diens de cette cat\u00e9gorie, dont [&hellip;]<\/p>\n","protected":false},"author":4,"featured_media":8649,"comment_status":"open","ping_status":"open","sticky":false,"template":"","format":"standard","meta":[],"categories":[26,31],"tags":[],"yst_prominent_words":[],"jetpack_featured_media_url":"https:\/\/le12.ma\/fr\/wp-content\/uploads\/2020\/12\/78-190903-moroccan-nesrine-radi_350x200.png","_links":{"self":[{"href":"https:\/\/le12.ma\/fr\/wp-json\/wp\/v2\/posts\/8648"}],"collection":[{"href":"https:\/\/le12.ma\/fr\/wp-json\/wp\/v2\/posts"}],"about":[{"href":"https:\/\/le12.ma\/fr\/wp-json\/wp\/v2\/types\/post"}],"author":[{"embeddable":true,"href":"https:\/\/le12.ma\/fr\/wp-json\/wp\/v2\/users\/4"}],"replies":[{"embeddable":true,"href":"https:\/\/le12.ma\/fr\/wp-json\/wp\/v2\/comments?post=8648"}],"version-history":[{"count":1,"href":"https:\/\/le12.ma\/fr\/wp-json\/wp\/v2\/posts\/8648\/revisions"}],"predecessor-version":[{"id":8650,"href":"https:\/\/le12.ma\/fr\/wp-json\/wp\/v2\/posts\/8648\/revisions\/8650"}],"wp:featuredmedia":[{"embeddable":true,"href":"https:\/\/le12.ma\/fr\/wp-json\/wp\/v2\/media\/8649"}],"wp:attachment":[{"href":"https:\/\/le12.ma\/fr\/wp-json\/wp\/v2\/media?parent=8648"}],"wp:term":[{"taxonomy":"category","embeddable":true,"href":"https:\/\/le12.ma\/fr\/wp-json\/wp\/v2\/categories?post=8648"},{"taxonomy":"post_tag","embeddable":true,"href":"https:\/\/le12.ma\/fr\/wp-json\/wp\/v2\/tags?post=8648"},{"taxonomy":"yst_prominent_words","embeddable":true,"href":"https:\/\/le12.ma\/fr\/wp-json\/wp\/v2\/yst_prominent_words?post=8648"}],"curies":[{"name":"wp","href":"https:\/\/api.w.org\/{rel}","templated":true}]}}