{"id":8634,"date":"2020-12-12T13:33:44","date_gmt":"2020-12-12T12:33:44","guid":{"rendered":"https:\/\/le12.ma\/fr\/?p=8634"},"modified":"2020-12-12T13:33:44","modified_gmt":"2020-12-12T12:33:44","slug":"meryem-belkihel-une-globetrotteuse-au-pays-des-vikings-magazine","status":"publish","type":"post","link":"https:\/\/le12.ma\/fr\/meryem-belkihel-une-globetrotteuse-au-pays-des-vikings-magazine\/","title":{"rendered":"Meryem Belkihel, une globetrotteuse au pays des Vikings (Magazine)"},"content":{"rendered":"<p><span style=\"color: #ff0000;\"><strong>Copenhague \u2013 le12<\/strong><\/span><\/p>\n<p><strong>Qu\u2019il pleuve ou qu\u2019il vente, bravant le froid glacial et la grisaille des journ\u00e9es courtes du Danemark, rien ne semble arr\u00eater Meryem Belkihel, la jeune globetrotteuse marocaine de 25 ans, qui a boucl\u00e9, samedi, une randonn\u00e9e de trois jours \u00e0 v\u00e9lo sur\u2026 les traces des Vikings.<\/strong><\/p>\n<p><strong>Un VTT portant le drapeau national, un sac \u00e0 dos, des gants, un casque, des chaussures v\u00e9lo route, un smartphone avec GPS, et surtout une volont\u00e9 de fer, et bonjour l\u2019aventure ! Commencent alors les d\u00e9ambulations \u00e0 travers les m\u00e9andres sinueux de Copenhague, jusqu\u2019\u00e0 Dragor, pour prendre d\u2019assaut les villes voisines de Helsingor et de Roskilde, situ\u00e9es \u00e0 quelque 40 km de la capitale.<\/strong><\/p>\n<p><strong>Le coup d\u2019envoi symbolique de cette aventure nordique a \u00e9t\u00e9 donn\u00e9 depuis la R\u00e9sidence de l\u2019ambassade du Maroc \u00e0 Copenhague, \u00e0 l\u2019issue d\u2019une r\u00e9ception conviviale en pr\u00e9sence d\u2019un ar\u00e9opage r\u00e9duit (pand\u00e9mie oblige !) d\u2019acteurs associatifs, de journalistes et de cadres de l\u2019ambassade.<\/strong><\/p>\n<p><strong>Intervenant \u00e0 cette occasion, l\u2019ambassadeur du Maroc au Danemark, Khadija Rouissi, a mis l\u2019accent sur la pertinence de cette tourn\u00e9e cycliste plac\u00e9e sous le signe \u201cles couleurs marocaines : quand le rouge rime avec le vert\u201d, en r\u00e9f\u00e9rence \u00e0 l\u2019apport du v\u00e9lo \u00e0 la r\u00e9duction des \u00e9missions de gaz \u00e0 effet de serre.<\/strong><\/p>\n<p><strong>\u201cMen\u00e9e par une femme, cette tourn\u00e9e rev\u00eat une importance particuli\u00e8re dans le contexte des changements climatiques et de l\u2019int\u00e9r\u00eat que porte le Maroc \u00e0 la fois \u00e0 l\u2019\u00e9galit\u00e9 des sexes et au climat\u201d, a-t-elle soulign\u00e9, notant que partout dans le monde ce sont les femmes et les jeunes filles qui subissent le plus durement les contrecoups des changements climatiques.<\/strong><\/p>\n<p><strong>Rappelant les efforts d\u00e9ploy\u00e9s par le Royaume en mati\u00e8re de parit\u00e9 \u00e0 la faveur des multiples r\u00e9formes et initiatives sous le leadership de Sa Majest\u00e9 le Roi Mohammed VI, elle a mis en exergue les importants projets de d\u00e9veloppement des \u00e9nergies renouvelables lanc\u00e9s au Maroc en vue de r\u00e9duire de 52% sa d\u00e9pendance des \u00e9nergies fossiles d\u2019ici 2030.<\/strong><\/p>\n<p><strong>Selon elle, la corr\u00e9lation entre climat et \u00e9galit\u00e9 du genre est si \u00e9vidente que ce genre de tourn\u00e9e de sensibilisation \u00e0 v\u00e9lo ne peut \u00eatre qu\u2019applaudie et soutenue, d\u2019autant qu\u2019elle \u00e9mane d\u2019une jeune fille ayant choisi le pari du voyage comme levier de rencontres f\u00e9condes, de d\u00e9couvertes renouvel\u00e9es et d\u2019ouverture sur l\u2019Autre.<\/strong><\/p>\n<p><strong>Et il para\u00eet que c\u2019est bien le cr\u00e9do de la globetrotteuse qui \u00e9voque sur sa page Facebook un \u201cappel qui me vient de loin et qui m\u2019intime d\u2019acc\u00e9l\u00e9rer le pas vers une destination et pour une raison inconnues. Et je me l\u00e8ve et je roule, tout simplement !\u201d.<\/strong><\/p>\n<p><strong>Mais qu\u2019est ce qui fait courir Meryem ? D\u2019o\u00f9 tient-elle cette passion pour l\u2019aventure ?<\/strong><\/p>\n<p><strong>Dans une d\u00e9claration \u00e0 la MAP, la jeune casablancaise employ\u00e9e d\u2019une multinationale informatique a confi\u00e9 avoir, toute petite, pratiqu\u00e9 la natation et le football, avant de c\u00e9der \u00e0 l\u2019amour de la Petite Reine et des multiples possibilit\u00e9s qu\u2019elle offre en termes d\u2019autonomie et de d\u00e9couvertes ; \u201cle moyen id\u00e9al pour se surpasser, quitter sa zone de confort, tout en admirant la beaut\u00e9 des paysages\u201d.<\/strong><\/p>\n<p><strong>Aventuri\u00e8re dans l\u2019\u00e2me, elle a multipli\u00e9 les randonn\u00e9es, sillonnant tant\u00f4t les \u00e9tendues escarp\u00e9es du sud-est marocain (Imilchil, Tinghir, Boumalne Dad\u00e8s, Kelaat M\u2019Goun, Skoura, Toudra), tant\u00f4t escaladant les montagnes majestueuses du Haut-Atlas et ses cimes enneig\u00e9es.<\/strong><\/p>\n<p><strong>\u201cQue de fois ai-je pass\u00e9 la nuit chez les gens sympathiques de ces zones enclav\u00e9es ? C\u2019est \u00e7a le Maroc profond, le Maroc authentique que j\u2019aime !\u201d, a-t-elle l\u00e2ch\u00e9, les yeux p\u00e9tillant d\u2019un insondable sentiment de gratitude.<\/strong><\/p>\n<p><strong>Elle rappelle comment un jour, accompagn\u00e9e d\u2019une amie tch\u00e8que, elles s\u2019appr\u00eataient \u00e0 dresser leur tente de camping pour y passer la nuit \u00e0 proximit\u00e9 d\u2019un douar, en attendant la lev\u00e9e du jour pour entamer l\u2019escalade de Jbel Rat qui culmine \u00e0 3\u202f412 m dans le Haut-Atlas.<\/strong><\/p>\n<p><strong>\u201cUn voisin s\u2019est montr\u00e9 intraitable. Il n\u2019est pas question de laisser deux jeunes filles dans le froid. Vous allez passer la nuit parmi les miens\u201d, raconte-t-elle le regard r\u00eaveur, comme pour immortaliser tant de g\u00e9n\u00e9rosit\u00e9, tant d\u2019altruisme.<\/strong><\/p>\n<p><strong>A-t-elle jamais eu peur ? \u201cPas le moindre du monde. On risque plus d\u2019agressions dans les grandes villes que dans ces r\u00e9gions si recul\u00e9es, si pures !\u201d, a-t-elle affirm\u00e9.<\/strong><\/p>\n<p><strong>\u201cD\u2019ailleurs, j\u2019ai h\u00e2te d\u2019y revenir au plus vite. Ne serait-ce que pour voir l\u2019avancement des travaux d\u2019un g\u00eete d\u2019\u00e9tape que nous avons lanc\u00e9 avec le soutien de plusieurs b\u00e9n\u00e9voles, amateurs de randonn\u00e9es et d\u2019escalade\u201d, a-t-elle soulign\u00e9.<\/strong><\/p>\n<p><strong>De retour d\u2019un p\u00e9riple de dix jours et 800 km dans les montagnes, la globetrotteuse a pris part, en novembre dernier \u00e0 Rabat, \u00e0 une action symbolique d\u00e9di\u00e9e \u00e0 mettre en avant les bienfaits du v\u00e9lo sur la sant\u00e9, \u00e0 sensibiliser \u00e0 l\u2019importance des pistes cyclables, et \u00e0 promouvoir l\u2019utilisation du v\u00e9lo comme moyen de transport \u00e9conomique et \u00e9co-friendly.<\/strong><\/p>\n<p><strong>Initi\u00e9e en marge des c\u00e9l\u00e9brations de la journ\u00e9e de la Fille par les ambassadeurs nordiques \u00e0 Rabat et la repr\u00e9sentation du FNUAP et des jeunes filles de l\u2019Association Fraternit\u00e9, cette action a \u00e9t\u00e9 l\u2019occasion de jeter la lumi\u00e8re sur l\u2019\u00e9galit\u00e9 du genre et la promotion de l\u2019autonomisation des jeunes filles.<\/strong><\/p>\n<p><strong>Selon elle, le m\u00eame r\u00eave se poursuit, le m\u00eame message se r\u00e9verb\u00e8re avec l\u2019\u00e9tape de Copenhague, ville mondialement connue pour la qualit\u00e9 de ses infrastructures cyclables et capitale d\u2019un pays qui ambitionne de r\u00e9duire ses \u00e9missions de gaz \u00e0 effet de serre de 70% \u00e0 l\u2019horizon 2050.<\/strong><\/p>\n<p><strong>\u201cUne fois la pand\u00e9mie \u00e9radiqu\u00e9e, l\u2019aventure reprendra de plus belle\u201d, assure Meryem Belkihel, avec dans le viseur un tour du Maroc \u00e0 v\u00e9lo et un projet de voyage en\u2026 Tanzanie.<\/strong><\/p>\n","protected":false},"excerpt":{"rendered":"<p>Copenhague \u2013 le12 Qu\u2019il pleuve ou qu\u2019il vente, bravant le froid glacial et la grisaille des journ\u00e9es courtes du Danemark, rien ne semble arr\u00eater Meryem Belkihel, la jeune globetrotteuse marocaine de 25 ans, qui a boucl\u00e9, samedi, une randonn\u00e9e de trois jours \u00e0 v\u00e9lo sur\u2026 les traces des Vikings. Un VTT portant le drapeau national, [&hellip;]<\/p>\n","protected":false},"author":4,"featured_media":8635,"comment_status":"open","ping_status":"open","sticky":false,"template":"","format":"standard","meta":[],"categories":[26,30,24],"tags":[],"yst_prominent_words":[266,1957,69,60],"jetpack_featured_media_url":"https:\/\/le12.ma\/fr\/wp-content\/uploads\/2020\/12\/20201212_133133.jpg","_links":{"self":[{"href":"https:\/\/le12.ma\/fr\/wp-json\/wp\/v2\/posts\/8634"}],"collection":[{"href":"https:\/\/le12.ma\/fr\/wp-json\/wp\/v2\/posts"}],"about":[{"href":"https:\/\/le12.ma\/fr\/wp-json\/wp\/v2\/types\/post"}],"author":[{"embeddable":true,"href":"https:\/\/le12.ma\/fr\/wp-json\/wp\/v2\/users\/4"}],"replies":[{"embeddable":true,"href":"https:\/\/le12.ma\/fr\/wp-json\/wp\/v2\/comments?post=8634"}],"version-history":[{"count":1,"href":"https:\/\/le12.ma\/fr\/wp-json\/wp\/v2\/posts\/8634\/revisions"}],"predecessor-version":[{"id":8636,"href":"https:\/\/le12.ma\/fr\/wp-json\/wp\/v2\/posts\/8634\/revisions\/8636"}],"wp:featuredmedia":[{"embeddable":true,"href":"https:\/\/le12.ma\/fr\/wp-json\/wp\/v2\/media\/8635"}],"wp:attachment":[{"href":"https:\/\/le12.ma\/fr\/wp-json\/wp\/v2\/media?parent=8634"}],"wp:term":[{"taxonomy":"category","embeddable":true,"href":"https:\/\/le12.ma\/fr\/wp-json\/wp\/v2\/categories?post=8634"},{"taxonomy":"post_tag","embeddable":true,"href":"https:\/\/le12.ma\/fr\/wp-json\/wp\/v2\/tags?post=8634"},{"taxonomy":"yst_prominent_words","embeddable":true,"href":"https:\/\/le12.ma\/fr\/wp-json\/wp\/v2\/yst_prominent_words?post=8634"}],"curies":[{"name":"wp","href":"https:\/\/api.w.org\/{rel}","templated":true}]}}