{"id":8008,"date":"2020-11-29T12:49:01","date_gmt":"2020-11-29T11:49:01","guid":{"rendered":"https:\/\/le12.ma\/fr\/?p=8008"},"modified":"2020-11-29T12:49:01","modified_gmt":"2020-11-29T11:49:01","slug":"fes-coup-denvoi-du-salon-du-maroc-des-arts-plastiques","status":"publish","type":"post","link":"https:\/\/le12.ma\/fr\/fes-coup-denvoi-du-salon-du-maroc-des-arts-plastiques\/","title":{"rendered":"F\u00e8s: coup d\u2019envoi du Salon du Maroc des arts plastiques"},"content":{"rendered":"<p><span style=\"color: #ff0000;\"><strong>F\u00e8s &#8211; le12<\/strong><\/span><\/p>\n<p><strong>\u00a0La 8\u00e8me \u00e9dition du \u201cSalon du Maroc des arts plastiques\u201d s\u2019est ouverte, samedi \u00e0 la galerie Mohamed El Kacimi \u00e0 F\u00e8s, sous le th\u00e8me \u201cAppartenance\u201d.<\/strong><\/p>\n<p><strong>Initi\u00e9e par l\u2019association \u201dle cam\u00e9l\u00e9on des arts plastiques\u2019\u2019 en partenariat avec la direction r\u00e9gionale de la culture, cette manifestation connait la programmation d\u2019une panoplie d\u2019activit\u00e9s th\u00e9oriques et pratiques.<\/strong><\/p>\n<p><strong>Ce salon auquel prennent part 22 artistes, issus de la ville de F\u00e8s, donne \u00e0 voir une cinquantaine de toiles, toutes captivantes les unes que les autres. Ces tableaux sont inspir\u00e9es du patrimoine culturel marocain.<\/strong><\/p>\n<p><strong>Il vise la diffusion de la culture de l\u2019art plastique, la contribution \u00e0 l\u2019enrichissement du mouvement artistique marocain et la cr\u00e9ation d\u2019un nouvel espace de cr\u00e9ativit\u00e9 pour les artistes marocains et \u00e9trangers, outre le d\u00e9veloppement et l\u2019enracinement de la pratique et de la cr\u00e9ation artistique chez les participants.<\/strong><\/p>\n<p><strong>Dans une d\u00e9claration \u00e0 la MAP, le pr\u00e9sident de l\u2019association \u2018\u2019le cam\u00e9l\u00e9on des arts plastiques\u2019\u2019, Hicham Maidi a indiqu\u00e9 que le salon du Maroc des arts se tient cette ann\u00e9e dans des circonstances difficiles marqu\u00e9es par la propagation de la pand\u00e9mie de la Covid-19, s\u2019attardant sur la teneur de la th\u00e9matique du salon qui met l\u2019accent sur l\u2019appartenance de l\u2019ensemble des Marocains \u00e0 la M\u00e8re Patrie.<\/strong><\/p>\n<p><strong>La programmation de cette \u00e9dition porte sur des ateliers th\u00e9oriques et pratiques pour mettre en \u00e9vidence la beaut\u00e9 de l\u2019art plastique.<\/strong><\/p>\n<p><strong>Cette \u00e9dition, qui co\u00efncide avec la c\u00e9l\u00e9bration de l\u2019anniversaire de la Marche verte et de la f\u00eate de l\u2019ind\u00e9pendance, connait la participation \u00e0 distance de nombreux artistes de France, Tunisie, Libye et de la Jordanie.<\/strong><\/p>\n<p><strong>La pr\u00e9c\u00e9dente \u00e9dition du \u201cSalon du Maroc des arts plastiques\u201d a \u00e9t\u00e9 organis\u00e9e sous le th\u00e8me \u2018\u2019l\u2019unit\u00e9 dans la diversit\u00e9\u2019\u2019.<\/strong><\/p>\n","protected":false},"excerpt":{"rendered":"<p>F\u00e8s &#8211; le12 \u00a0La 8\u00e8me \u00e9dition du \u201cSalon du Maroc des arts plastiques\u201d s\u2019est ouverte, samedi \u00e0 la galerie Mohamed El Kacimi \u00e0 F\u00e8s, sous le th\u00e8me \u201cAppartenance\u201d. Initi\u00e9e par l\u2019association \u201dle cam\u00e9l\u00e9on des arts plastiques\u2019\u2019 en partenariat avec la direction r\u00e9gionale de la culture, cette manifestation connait la programmation d\u2019une panoplie d\u2019activit\u00e9s th\u00e9oriques et [&hellip;]<\/p>\n","protected":false},"author":4,"featured_media":8012,"comment_status":"open","ping_status":"open","sticky":false,"template":"","format":"standard","meta":[],"categories":[26,31],"tags":[],"yst_prominent_words":[252,257,1503,69],"jetpack_featured_media_url":"https:\/\/le12.ma\/fr\/wp-content\/uploads\/2020\/11\/unnamed.jpg","_links":{"self":[{"href":"https:\/\/le12.ma\/fr\/wp-json\/wp\/v2\/posts\/8008"}],"collection":[{"href":"https:\/\/le12.ma\/fr\/wp-json\/wp\/v2\/posts"}],"about":[{"href":"https:\/\/le12.ma\/fr\/wp-json\/wp\/v2\/types\/post"}],"author":[{"embeddable":true,"href":"https:\/\/le12.ma\/fr\/wp-json\/wp\/v2\/users\/4"}],"replies":[{"embeddable":true,"href":"https:\/\/le12.ma\/fr\/wp-json\/wp\/v2\/comments?post=8008"}],"version-history":[{"count":1,"href":"https:\/\/le12.ma\/fr\/wp-json\/wp\/v2\/posts\/8008\/revisions"}],"predecessor-version":[{"id":8013,"href":"https:\/\/le12.ma\/fr\/wp-json\/wp\/v2\/posts\/8008\/revisions\/8013"}],"wp:featuredmedia":[{"embeddable":true,"href":"https:\/\/le12.ma\/fr\/wp-json\/wp\/v2\/media\/8012"}],"wp:attachment":[{"href":"https:\/\/le12.ma\/fr\/wp-json\/wp\/v2\/media?parent=8008"}],"wp:term":[{"taxonomy":"category","embeddable":true,"href":"https:\/\/le12.ma\/fr\/wp-json\/wp\/v2\/categories?post=8008"},{"taxonomy":"post_tag","embeddable":true,"href":"https:\/\/le12.ma\/fr\/wp-json\/wp\/v2\/tags?post=8008"},{"taxonomy":"yst_prominent_words","embeddable":true,"href":"https:\/\/le12.ma\/fr\/wp-json\/wp\/v2\/yst_prominent_words?post=8008"}],"curies":[{"name":"wp","href":"https:\/\/api.w.org\/{rel}","templated":true}]}}