{"id":7784,"date":"2020-11-24T12:55:55","date_gmt":"2020-11-24T11:55:55","guid":{"rendered":"https:\/\/le12.ma\/fr\/?p=7784"},"modified":"2020-11-24T14:07:52","modified_gmt":"2020-11-24T13:07:52","slug":"musee-mohammed-vi-lart-de-decouvrir-rabat-autrement","status":"publish","type":"post","link":"https:\/\/le12.ma\/fr\/musee-mohammed-vi-lart-de-decouvrir-rabat-autrement\/","title":{"rendered":"Mus\u00e9e Mohammed VI : l\u2019art de d\u00e9couvrir Rabat autrement"},"content":{"rendered":"<p><span style=\"color: #ff0000;\"><strong>Rabat \u2013 le12<\/strong><\/span><\/p>\n<p><strong>En plein c\u0153ur de Rabat, ville lumi\u00e8re et capitale de la culture, le Mus\u00e9e Mohammed VI d\u2019art moderne et contemporain (MMVI) offre une approche innovante de d\u00e9couvrir la cit\u00e9 mill\u00e9naire, et place surtout les talents artistiques au service de son positionnement touristique.<\/strong><\/p>\n<p><strong>Ce monument phare a accueilli, en six ans d\u2019existence, les \u0153uvres de grands noms des divers courants artistiques, des expositions internationales et bien \u00e9videmment des cr\u00e9ateurs marocains. Un dynamisme r\u00e9v\u00e9lateur de cette compl\u00e9mentarit\u00e9 entre le tourisme et la culture, tous deux synonymes de d\u00e9couverte et d\u2019ouverture sur l\u2019art et la cr\u00e9ativit\u00e9.<\/strong><\/p>\n<p><strong>\u201cLa culture est un levier de d\u00e9veloppement social et \u00e9conomique; elle contribue \u00e0 enrichir la carte touristique et incite encore plus les touristes \u00e0 choisir la destination +Maroc+\u201d, a confi\u00e9 \u00e0 la MAP le pr\u00e9sident de la Fondation nationale des mus\u00e9es (FNM), Mehdi Qotbi.<\/strong><\/p>\n<p><strong>Tout en affirmant que l\u2019art et la culture sont aujourd\u2019hui des \u00e9l\u00e9ments essentiels du positionnement touristique de Rabat, le responsable insiste sur le choix de d\u00e9mocratiser, de p\u00e9renniser et d\u2019ancrer l\u2019art dans l\u2019esprit de tous les Marocains. \u201cNous allons continuer d\u2019organiser de grands rendez-vous culturels pour permettre \u00e0 tout le monde et aux visiteurs \u00e9trangers de d\u00e9couvrir le Maroc culturellement riche d\u2019un patrimoine diversifi\u00e9\u201d, a-t-il indiqu\u00e9.<\/strong><\/p>\n<p><strong>Dot\u00e9 d\u2019une architecture bien int\u00e9gr\u00e9e dans son environnement \u00e0 proximit\u00e9 de quartiers historiques de la capitale, le mus\u00e9e Mohammed VI plonge les visiteurs dans un p\u00e9riple \u00e0 travers les grandes \u0153uvres d\u2019artistes de renom marocains et \u00e9trangers, dans une parfaite illustration de cette relation fusionnelle qu\u2019entretiennent les mus\u00e9es et le tourisme.<\/strong><\/p>\n<p><strong>Pri\u00e9 de dire si la crise n\u00e9e du coronavirus n\u2019affecte pas les plans d\u2019action du FNM, M. Qotbi a soulign\u00e9 que \u201cla pand\u00e9mie existe mais nous ne devons surtout pas baisser les bras\u201d. Offrir l\u2019art en partage c\u2019est donner de l\u2019espoir et de la lumi\u00e8re, a-t-il expliqu\u00e9, relevant que \u201cnotre mission est de contribuer \u00e0 la d\u00e9mocratisation de l\u2019art et l\u2019accessibilit\u00e9 des Marocains aux mus\u00e9es\u201d.<\/strong><\/p>\n<p><strong>C\u2019est l\u2019une des raisons pour lesquelles, a-t-il relev\u00e9, la FNM a lanc\u00e9 la gratuit\u00e9 tous les vendredis pour tous les Marocains, plus particuli\u00e8rement pour les \u00e9tudiants et les enfants afin de leur donner l\u2019habitude de rendre la culture comme un \u00e9l\u00e9ment essentiel dans leur quotidien.<\/strong><\/p>\n<p><strong>En cette p\u00e9riode de pand\u00e9mie, force est de constater selon lui que le mus\u00e9e continue d\u2019offrir l\u2019art en partage, comme en t\u00e9moigne le grand nombre de visiteurs que connait l\u2019exposition \u201cles peintres marocains dans les collections nationales, de Ben Ali R\u2019bati \u00e0 nos jours\u201d. Cet \u00e9v\u00e8nement se tient jusqu\u2019au 15 d\u00e9cembre au mus\u00e9e Mohammed VI, malgr\u00e9 la pand\u00e9mie et le respect des normes sanitaires.<\/strong><\/p>\n<p><strong>C\u00f4t\u00e9 collections, la fondation dispose d\u2019une riche collection d\u2019artistes marocains provenant des fonds du minist\u00e8re de la Culture et de l\u2019Acad\u00e9mie du Royaume du Maroc, des \u0153uvres qui sont pr\u00e9sent\u00e9es au MMVI jusqu\u2019au 15 d\u00e9cembre dans l\u2019exposition \u201cles peintres marocains dans les collections nationales, de Ben Ali R\u2019bati \u00e0 nos jours\u201d. Cette exposition, a-t-il assur\u00e9, remporte un succ\u00e8s incroyable notamment du point de vue du nombre de visiteurs, en d\u00e9pit de la pand\u00e9mie de la Covid-19.<\/strong><\/p>\n<p><strong>D\u2019apr\u00e8s M. Qotbi, il a \u00e9t\u00e9 d\u00e9cid\u00e9 dans ce contexte de consacrer toutes les expositions au patrimoine moderne et contemporain avec, en substance, la r\u00e9trospective \u201cGharbaoui : l\u2019envol des racines\u201d jusqu\u2019au 8 f\u00e9vrier 2021, et la r\u00e9trospective de Fouad Bellamine \u00e0 partir du 20 novembre 2020.<\/strong><\/p>\n<p><strong>\u201cIl est important pour nous de contribuer \u00e0 fid\u00e9liser le public et \u00e0 lui faire d\u00e9couvrir nos artistes marocains pour qu\u2019ils s\u2019approprient et d\u00e9couvrent leur propre histoire et la vari\u00e9t\u00e9 de leur patrimoine artistique\u201d, a-t-il soutenu.<\/strong><\/p>\n<p><strong>En tant que \u201ccapitale de la culture\u201d, Rabat va accueillir en avril prochain l\u2019exposition-\u00e9v\u00e9nement \u00abDelacroix, souvenirs d\u2019un voyage au Maroc\u00bb. Eug\u00e8ne Delacroix a \u00e9t\u00e9 le premier ambassadeur de la lumi\u00e8re, des couleurs, des saveurs et de l\u2019hospitalit\u00e9 marocaine. C\u2019est pour la premi\u00e8re fois qu\u2019une exposition lui sera d\u00e9di\u00e9e \u00e0 Rabat avec les objets marocains qui ont accompagn\u00e9 toute sa vie, a conclu le pr\u00e9sident de la FNM.<\/strong><\/p>\n","protected":false},"excerpt":{"rendered":"<p>Rabat \u2013 le12 En plein c\u0153ur de Rabat, ville lumi\u00e8re et capitale de la culture, le Mus\u00e9e Mohammed VI d\u2019art moderne et contemporain (MMVI) offre une approche innovante de d\u00e9couvrir la cit\u00e9 mill\u00e9naire, et place surtout les talents artistiques au service de son positionnement touristique. Ce monument phare a accueilli, en six ans d\u2019existence, les [&hellip;]<\/p>\n","protected":false},"author":4,"featured_media":7785,"comment_status":"open","ping_status":"open","sticky":false,"template":"","format":"standard","meta":[],"categories":[26,31],"tags":[],"yst_prominent_words":[2840,2842,1490],"jetpack_featured_media_url":"https:\/\/le12.ma\/fr\/wp-content\/uploads\/2020\/11\/\u0645\u062a\u062d\u0641-\u0645\u062d\u0645\u062f-\u0627\u0644\u0633\u0627\u062f\u0633-504x362-1.jpg","_links":{"self":[{"href":"https:\/\/le12.ma\/fr\/wp-json\/wp\/v2\/posts\/7784"}],"collection":[{"href":"https:\/\/le12.ma\/fr\/wp-json\/wp\/v2\/posts"}],"about":[{"href":"https:\/\/le12.ma\/fr\/wp-json\/wp\/v2\/types\/post"}],"author":[{"embeddable":true,"href":"https:\/\/le12.ma\/fr\/wp-json\/wp\/v2\/users\/4"}],"replies":[{"embeddable":true,"href":"https:\/\/le12.ma\/fr\/wp-json\/wp\/v2\/comments?post=7784"}],"version-history":[{"count":1,"href":"https:\/\/le12.ma\/fr\/wp-json\/wp\/v2\/posts\/7784\/revisions"}],"predecessor-version":[{"id":7786,"href":"https:\/\/le12.ma\/fr\/wp-json\/wp\/v2\/posts\/7784\/revisions\/7786"}],"wp:featuredmedia":[{"embeddable":true,"href":"https:\/\/le12.ma\/fr\/wp-json\/wp\/v2\/media\/7785"}],"wp:attachment":[{"href":"https:\/\/le12.ma\/fr\/wp-json\/wp\/v2\/media?parent=7784"}],"wp:term":[{"taxonomy":"category","embeddable":true,"href":"https:\/\/le12.ma\/fr\/wp-json\/wp\/v2\/categories?post=7784"},{"taxonomy":"post_tag","embeddable":true,"href":"https:\/\/le12.ma\/fr\/wp-json\/wp\/v2\/tags?post=7784"},{"taxonomy":"yst_prominent_words","embeddable":true,"href":"https:\/\/le12.ma\/fr\/wp-json\/wp\/v2\/yst_prominent_words?post=7784"}],"curies":[{"name":"wp","href":"https:\/\/api.w.org\/{rel}","templated":true}]}}