{"id":7480,"date":"2020-11-18T10:29:53","date_gmt":"2020-11-18T09:29:53","guid":{"rendered":"https:\/\/le12.ma\/fr\/?p=7480"},"modified":"2020-11-18T10:29:53","modified_gmt":"2020-11-18T09:29:53","slug":"sale-expo-day-une-exposition-dart-contemporain-du-24-au-30-novembre","status":"publish","type":"post","link":"https:\/\/le12.ma\/fr\/sale-expo-day-une-exposition-dart-contemporain-du-24-au-30-novembre\/","title":{"rendered":"Sal\u00e9 : \u201cExpo Day\u201d, une exposition d\u2019art contemporain du 24 au 30 novembre"},"content":{"rendered":"<p><span style=\"color: #ff0000;\"><strong>Rabat \u2013le12<\/strong><\/span><\/p>\n<p><strong>La plateforme des Jeunes de Sidi Abdellah \u201cBadir Sal\u00e9 \u2013 \u0628\u0627\u062f\u0631 \u0633\u0644\u0627\u201d, organise du 24 au 30 novembre la premi\u00e8re \u00e9dition d\u2019une exposition d\u2019art contemporain, \u201cExpo Day\u201d.<\/strong><\/p>\n<p><strong>Selon un communiqu\u00e9 de la plateforme, cette initiative vise \u00e0 mettre en avant \u201cnos artistes slaoui\u201d, \u201capr\u00e8s une longue p\u00e9riode de pause due \u00e0 la crise sanitaire\u201d.<\/strong><\/p>\n<p><strong>L\u2019attrait de cette exposition, qui souhaite r\u00e9unir artistes et amateurs d\u2019art, r\u00e9side dans la grande vari\u00e9t\u00e9 des \u0153uvres expos\u00e9es, notamment des \u0153uvres figuratives, abstraites, conceptuelles, spontan\u00e9es, de petit \u00e0 grand format, \u00e0 des prix bas ou \u00e9lev\u00e9s, ajoute le communiqu\u00e9, notant que cette exposition connaitra la participation de l\u2019artiste peintre abstrait, Zineb Naou et des deux artistes peintres, Zakaria Bassin et Nouha Fennich.<\/strong><\/p>\n<p><strong>Il s\u2019agit aussi d\u2019un \u00e9v\u00e9nement \u201cpour renforcer les liens entre disciplines artistiques et soutenir les jeunes artistes de la ville de Sal\u00e9\u201d, selon la m\u00eame source.<\/strong><\/p>\n<p><strong>\u201cAu cours d\u2019une rencontre prometteuse, riche en \u00e9changes, nos artistes communiqueront sur leur passion, leur parcours, leurs techniques et particularit\u00e9s\u201d, note la plateforme, relevant qu\u2019ils sont des entrepreneurs, qui ont fait de leur passion leur m\u00e9tier gr\u00e2ce aux efforts soutenus.<\/strong><\/p>\n<p><strong>Le vernissage de l\u2019exposition se d\u00e9roulera le 24 novembre \u00e0 14h30. Elle sera ouverte au grand public du 25 au 30 novembre de 10h \u00e0 17h.<\/strong><\/p>\n<p><strong>La plateforme des jeunes de Sidi Abdellah \u201cBadir Sal\u00e9- \u0628\u0627\u062f\u0631 \u0633\u0644\u0627\u201d est le fruit d\u2019un partenariat entre l\u2019Initiative Nationale pour le D\u00e9veloppement Humain (INDH) \u2013 Pr\u00e9fecture de Sal\u00e9 et le Centre Marocain pour l\u2019Innovation et l\u2019Entrepreneuriat Social (MCISE), ayant pour objectif d\u2019am\u00e9liorer l\u2019employabilit\u00e9 des jeunes en renfor\u00e7ant leurs capacit\u00e9s et en encourageant les projets g\u00e9n\u00e9rateurs de revenus.<\/strong><\/p>\n<p><strong>Le centre \u201cBadir Sal\u00e9\u201d ambitionne de g\u00e9n\u00e9rer un impact durable, avec une approche de changement syst\u00e9mique en int\u00e9grant les b\u00e9n\u00e9ficiaires dans une v\u00e9ritable cha\u00eene de valeur dynamique et en proposant un programme visant le renforcement des comp\u00e9tences des jeunes de la ville de Sal\u00e9.<\/strong><\/p>\n<p><strong>Le programme du centre s\u2019articule principalement autour du renforcement des comp\u00e9tences des jeunes, l\u2019accompagnement et l\u2019incubation des jeunes porteurs d\u2019id\u00e9es ou de projets ainsi que les auto-entrepreneurs tout en s\u2019alignant avec l\u2019ensemble des priorit\u00e9s de l\u2019INDH.<\/strong><\/p>\n","protected":false},"excerpt":{"rendered":"<p>Rabat \u2013le12 La plateforme des Jeunes de Sidi Abdellah \u201cBadir Sal\u00e9 \u2013 \u0628\u0627\u062f\u0631 \u0633\u0644\u0627\u201d, organise du 24 au 30 novembre la premi\u00e8re \u00e9dition d\u2019une exposition d\u2019art contemporain, \u201cExpo Day\u201d. Selon un communiqu\u00e9 de la plateforme, cette initiative vise \u00e0 mettre en avant \u201cnos artistes slaoui\u201d, \u201capr\u00e8s une longue p\u00e9riode de pause due \u00e0 la crise [&hellip;]<\/p>\n","protected":false},"author":4,"featured_media":7481,"comment_status":"open","ping_status":"open","sticky":false,"template":"","format":"standard","meta":[],"categories":[26,31],"tags":[],"yst_prominent_words":[],"jetpack_featured_media_url":"https:\/\/le12.ma\/fr\/wp-content\/uploads\/2020\/11\/Affiche-123.jpg","_links":{"self":[{"href":"https:\/\/le12.ma\/fr\/wp-json\/wp\/v2\/posts\/7480"}],"collection":[{"href":"https:\/\/le12.ma\/fr\/wp-json\/wp\/v2\/posts"}],"about":[{"href":"https:\/\/le12.ma\/fr\/wp-json\/wp\/v2\/types\/post"}],"author":[{"embeddable":true,"href":"https:\/\/le12.ma\/fr\/wp-json\/wp\/v2\/users\/4"}],"replies":[{"embeddable":true,"href":"https:\/\/le12.ma\/fr\/wp-json\/wp\/v2\/comments?post=7480"}],"version-history":[{"count":1,"href":"https:\/\/le12.ma\/fr\/wp-json\/wp\/v2\/posts\/7480\/revisions"}],"predecessor-version":[{"id":7482,"href":"https:\/\/le12.ma\/fr\/wp-json\/wp\/v2\/posts\/7480\/revisions\/7482"}],"wp:featuredmedia":[{"embeddable":true,"href":"https:\/\/le12.ma\/fr\/wp-json\/wp\/v2\/media\/7481"}],"wp:attachment":[{"href":"https:\/\/le12.ma\/fr\/wp-json\/wp\/v2\/media?parent=7480"}],"wp:term":[{"taxonomy":"category","embeddable":true,"href":"https:\/\/le12.ma\/fr\/wp-json\/wp\/v2\/categories?post=7480"},{"taxonomy":"post_tag","embeddable":true,"href":"https:\/\/le12.ma\/fr\/wp-json\/wp\/v2\/tags?post=7480"},{"taxonomy":"yst_prominent_words","embeddable":true,"href":"https:\/\/le12.ma\/fr\/wp-json\/wp\/v2\/yst_prominent_words?post=7480"}],"curies":[{"name":"wp","href":"https:\/\/api.w.org\/{rel}","templated":true}]}}