{"id":7309,"date":"2020-11-14T17:24:41","date_gmt":"2020-11-14T16:24:41","guid":{"rendered":"https:\/\/le12.ma\/fr\/?p=7309"},"modified":"2020-11-14T17:24:41","modified_gmt":"2020-11-14T16:24:41","slug":"journee-nationale-de-linformation-et-de-la-communication-necessite-de-lutter-contre-les-fake-news","status":"publish","type":"post","link":"https:\/\/le12.ma\/fr\/journee-nationale-de-linformation-et-de-la-communication-necessite-de-lutter-contre-les-fake-news\/","title":{"rendered":"Journ\u00e9e nationale de l\u2019information et de la communication: N\u00e9cessit\u00e9 de lutter contre les \u201cFake news\u201d"},"content":{"rendered":"<p><span style=\"color: #ff0000;\"><strong>Rabat \u2013 le12<\/strong><\/span><\/p>\n<p><strong>La c\u00e9l\u00e9bration, le dimanche 15 novembre, de la Journ\u00e9e nationale de l\u2019information et de la communication constitue une occasion de s\u2019arr\u00eater sur un domaine en perp\u00e9tuelle \u00e9volution ainsi qu\u2019une opportunit\u00e9 d\u2019\u00e9valuer un parcours riche en renouvellement des lois en la mati\u00e8re.<\/strong><\/p>\n<p><strong>Partant du choix de la pluralit\u00e9 politique et de la d\u00e9mocratisation engag\u00e9 par le Maroc, le domaine de l\u2019information et de la communication s\u2019est \u00e9rig\u00e9 en priorit\u00e9 majeure pour les pouvoirs publics, \u00e0 travers le renouvellement de l\u2019arsenal juridique en relation avec ce chantier.<\/strong><\/p>\n<p><strong>En effet, la Constitution marocaine \u00e9voque la libert\u00e9 et le pluralisme de la presse, pour la promotion et la redynamisation de ce secteur, et ce dans le cadre de la volont\u00e9 du Royaume de consacrer la culture des droits de l\u2019Homme ainsi que la libert\u00e9 d\u2019acc\u00e8s \u00e0 l\u2019information.<\/strong><\/p>\n<p><strong>En outre, la restructuration de la Haute autorit\u00e9 de la communication audiovisuelle (HACA) a renforc\u00e9 le r\u00f4le de cette instance constitutionnelle, en lui donnant la pr\u00e9rogative d\u2019intervenir dans l\u2019objectif de r\u00e9guler le paysage audiovisuel.<\/strong><\/p>\n<p><strong>Cette institution ind\u00e9pendante est \u00e9galement charg\u00e9e de s\u2019assurer du respect des r\u00e8gles d\u2019expression de la pluralit\u00e9 des tendances id\u00e9ologiques et des opinions politiques dans le cadre du respect de l\u2019\u00e9quit\u00e9 territoriale, de l\u2019\u00e9quilibre, du non monopole et de la diversit\u00e9.<\/strong><\/p>\n<p><strong>Le nouveau Code de la presse et de l\u2019\u00e9dition s\u2019ajoute \u00e9galement aux efforts intenses men\u00e9s pour r\u00e9former le secteur de la communication au sein du Royaume, dans le but d\u2019appliquer les dispositions du nouvel arsenal juridique, essentiellement en mati\u00e8re de libert\u00e9 de presse, de protection de la confidentialit\u00e9 des sources et de suppression des peines privatives de libert\u00e9.<\/strong><\/p>\n<p><strong>Aussi, \u00e0 l\u2019occasion de la journ\u00e9e nationale de l\u2019information, le Grand prix national de la presse est lanc\u00e9 chaque ann\u00e9e en vue d\u2019encourager les comp\u00e9tences m\u00e9diatiques marocaines et leur rendre hommage.<\/strong><\/p>\n<p><strong>Ce prix porte sur plusieurs cat\u00e9gories, \u00e0 savoir le prix de la t\u00e9l\u00e9vision (investigation et le film documentaire), le prix de la radio, le prix de la presse \u00e9crite, le prix de la presse \u00e9lectronique, le prix de l\u2019agence de presse, le prix de la production journalistique amazighe, le prix de la production journalistique hassanie, le prix de la photographie, le prix du journalisme d\u2019investigation, le prix de la caricature, ainsi qu\u2019un prix honorifique en hommage \u00e0 une personnalit\u00e9 du monde des m\u00e9dias ayant contribu\u00e9 \u00e0 l\u2019\u00e9volution du paysage m\u00e9diatique national.<\/strong><\/p>\n<p><strong>Il faut signaler, toutefois, que le champ m\u00e9diatique a connu \u00e0 l\u2019\u00e8re des r\u00e9seaux sociaux l\u2019explosion de fausses informations qui mettent les m\u00e9dias devant leur responsabilit\u00e9 \u00e9thique de faire face \u00e0 ce ph\u00e9nom\u00e8ne et de v\u00e9hiculer l\u2019information fiable et v\u00e9rifi\u00e9e.<\/strong><\/p>\n<p><strong>Face \u00e0 un flot massif de \u201cfake news\u201d, les professionnels de la presse doivent faire preuve de plus de rigueur et de responsabilit\u00e9 pour assurer leur r\u00f4le capital qui consiste \u00e0 \u00e9clairer l\u2019opinion publique et enrichir le d\u00e9bat national.<\/strong><\/p>\n<p><strong>Cette r\u00e9alit\u00e9 de domination des \u201cfake news\u201d et leur recrudescence essentiellement sur les r\u00e9seaux sociaux interpelle les professionnels et les responsables de ce secteur pour agir en urgence et r\u00e9fl\u00e9chir sur les moyens susceptibles de redonner de la fiabilit\u00e9 aux m\u00e9dias et lutter contre les informations infond\u00e9es.<\/strong><\/p>\n<p><strong>Ainsi, il serait important de d\u00e9velopper des contenus d\u00e9di\u00e9s \u00e0 renforcer l\u2019\u00e9ducation m\u00e9diatique du citoyen, ce qui contribuera \u00e0 renforcer la vigilance du public et \u00e0 \u00e9veiller son sens critique \u00e0 l\u2019\u00e9gard des informations manipulatoires circulant sur les r\u00e9seaux sociaux.<\/strong><\/p>\n","protected":false},"excerpt":{"rendered":"<p>Rabat \u2013 le12 La c\u00e9l\u00e9bration, le dimanche 15 novembre, de la Journ\u00e9e nationale de l\u2019information et de la communication constitue une occasion de s\u2019arr\u00eater sur un domaine en perp\u00e9tuelle \u00e9volution ainsi qu\u2019une opportunit\u00e9 d\u2019\u00e9valuer un parcours riche en renouvellement des lois en la mati\u00e8re. Partant du choix de la pluralit\u00e9 politique et de la d\u00e9mocratisation [&hellip;]<\/p>\n","protected":false},"author":4,"featured_media":7310,"comment_status":"open","ping_status":"open","sticky":false,"template":"","format":"standard","meta":[],"categories":[26,30],"tags":[],"yst_prominent_words":[3234,76,258,235,3369,4172,3569,81,1013],"jetpack_featured_media_url":"https:\/\/le12.ma\/fr\/wp-content\/uploads\/2020\/11\/fighting-fake-news-newspaper-stack.jpg","_links":{"self":[{"href":"https:\/\/le12.ma\/fr\/wp-json\/wp\/v2\/posts\/7309"}],"collection":[{"href":"https:\/\/le12.ma\/fr\/wp-json\/wp\/v2\/posts"}],"about":[{"href":"https:\/\/le12.ma\/fr\/wp-json\/wp\/v2\/types\/post"}],"author":[{"embeddable":true,"href":"https:\/\/le12.ma\/fr\/wp-json\/wp\/v2\/users\/4"}],"replies":[{"embeddable":true,"href":"https:\/\/le12.ma\/fr\/wp-json\/wp\/v2\/comments?post=7309"}],"version-history":[{"count":1,"href":"https:\/\/le12.ma\/fr\/wp-json\/wp\/v2\/posts\/7309\/revisions"}],"predecessor-version":[{"id":7311,"href":"https:\/\/le12.ma\/fr\/wp-json\/wp\/v2\/posts\/7309\/revisions\/7311"}],"wp:featuredmedia":[{"embeddable":true,"href":"https:\/\/le12.ma\/fr\/wp-json\/wp\/v2\/media\/7310"}],"wp:attachment":[{"href":"https:\/\/le12.ma\/fr\/wp-json\/wp\/v2\/media?parent=7309"}],"wp:term":[{"taxonomy":"category","embeddable":true,"href":"https:\/\/le12.ma\/fr\/wp-json\/wp\/v2\/categories?post=7309"},{"taxonomy":"post_tag","embeddable":true,"href":"https:\/\/le12.ma\/fr\/wp-json\/wp\/v2\/tags?post=7309"},{"taxonomy":"yst_prominent_words","embeddable":true,"href":"https:\/\/le12.ma\/fr\/wp-json\/wp\/v2\/yst_prominent_words?post=7309"}],"curies":[{"name":"wp","href":"https:\/\/api.w.org\/{rel}","templated":true}]}}