{"id":7289,"date":"2020-11-14T11:43:57","date_gmt":"2020-11-14T10:43:57","guid":{"rendered":"https:\/\/le12.ma\/fr\/?p=7289"},"modified":"2020-11-14T11:43:57","modified_gmt":"2020-11-14T10:43:57","slug":"liav-hassan-ii-et-lesca-lancent-un-mba-conjoint","status":"publish","type":"post","link":"https:\/\/le12.ma\/fr\/liav-hassan-ii-et-lesca-lancent-un-mba-conjoint\/","title":{"rendered":"L\u2019IAV Hassan II et l\u2019ESCA lancent un MBA conjoint"},"content":{"rendered":"<p><span style=\"color: #ff0000;\"><strong>Rabat \u2013 le12<\/strong><\/span><\/p>\n<p><strong>L\u2019Institut agronomique et v\u00e9t\u00e9rinaire Hassan II (IAV) et l\u2019ESCA Ecole de Management ont lanc\u00e9, vendredi, un MBA (Master of Business administration) conjoint visant \u00e0 mettre \u00e0 niveau les capacit\u00e9s manag\u00e9riales des hauts cadres et responsables op\u00e9rant dans le domaine agricole et du d\u00e9veloppement rural.<\/strong><\/p>\n<p><strong>L\u2019ouverture de ce MBA est une premi\u00e8re du genre puisqu\u2019elle se fait dans le cadre d\u2019un partenariat Public-Priv\u00e9 entre deux institutions d\u2019enseignement sup\u00e9rieur, indique un communiqu\u00e9 du minist\u00e8re de l\u2019Agriculture, de la p\u00eache maritime, du d\u00e9veloppement rural, des eaux et for\u00eats, pr\u00e9cisant que ce MBA, innovant, vise \u00e0 former des d\u00e9cideurs et des cadres en mesure d\u2019accompagner les chantiers structurants pr\u00e9vus dans le cadre de la G\u00e9n\u00e9ration Green.<\/strong><\/p>\n<p><strong>La c\u00e9r\u00e9monie de lancement officiel de ce MBA, organis\u00e9e par visioconf\u00e9rence, a \u00e9t\u00e9 pr\u00e9sid\u00e9e par le secr\u00e9taire g\u00e9n\u00e9ral du minist\u00e8re, Mohammed Sadiki accompagn\u00e9 du pr\u00e9sident de l\u2019ESCA Ecole de Management, Thami Ghorfi et le directeur de l\u2019IAV Hassan II, Ali Hammani, avec la participation des responsables du minist\u00e8re, des \u00e9quipes p\u00e9dagogiques de l\u2019ESCA Ecole de Management ainsi que des b\u00e9n\u00e9ficiaires du MBA.<\/strong><\/p>\n<p><strong>Dans son mot d\u2019ouverture, M. Sadiki, cit\u00e9 par le communiqu\u00e9, a soulign\u00e9 que cette formation est l\u2019expression de la dynamique de changement et de modernisation engag\u00e9e par le minist\u00e8re et ses institutions de formation, afin de s\u2019adapter aux mutations que vit le secteur agricole sous l\u2019impulsion du Plan Maroc Vert de 2008 \u00e0 2020 et de la nouvelle strat\u00e9gie G\u00e9n\u00e9ration Green lanc\u00e9e de 2020 \u00e0 2030.<\/strong><\/p>\n<p><strong>Il a par ailleurs indiqu\u00e9 que le minist\u00e8re de l\u2019Agriculture, s\u2019est depuis toujours engag\u00e9 dans un processus continu d\u2019am\u00e9lioration, de r\u00e9formes et de modernisation de la gouvernance du secteur agricole afin d\u2019assurer l\u2019efficacit\u00e9 et l\u2019efficience de la strat\u00e9gie agricole, rappelant que la r\u00e9forme de la gouvernance a \u00e9t\u00e9 la v\u00e9ritable cl\u00e9 de r\u00e9ussite de la mise en \u0153uvre du Plan Maroc Vert et la formulation de la strat\u00e9gie G\u00e9n\u00e9ration Green.<\/strong><\/p>\n<p><strong>Dans ce cadre, la mise en place de ce MBA qui consacre la r\u00e9ussite d\u2019un Partenariat Public-Priv\u00e9 d\u2019une part, en concomitance avec la d\u00e9clinaison de la strat\u00e9gie G\u00e9n\u00e9ration Green, refl\u00e8te l\u2019importance donn\u00e9e au d\u00e9veloppement des ressources humaines et leur r\u00f4le dans le d\u00e9veloppement d\u2019une agriculture moderne, \u00e0 travers notamment un management de haut niveau tant au niveau de l\u2019ex\u00e9cutif public qu\u2019au niveau de la profession. Il s\u2019agit, de continuer \u00e0 rehausser la qualit\u00e9 de gouvernance du secteur dans son ensemble.<\/strong><\/p>\n<p><strong>Pour sa part, M. Ghorfi, s\u2019est r\u00e9joui de cette alliance qui permettra de renforcer la formation de dirigeants pour le secteur agricole \u00e0 travers une formation tourn\u00e9e vers la performance et les impacts, et ce, dans l\u2019objectif de former une premi\u00e8re vague de dirigeants dot\u00e9s d\u2019une capacit\u00e9 manag\u00e9riale de haut niveau pour accompagner la dynamique de modernisation du secteur.<\/strong><\/p>\n<p><strong>Le Directeur de l\u2019IAV Hassan II a, de son c\u00f4t\u00e9, salu\u00e9 la mise en place de ce partenariat entre l\u2019IAV Hassan II et l\u2019ESCA Ecole de Management, gr\u00e2ce \u00e0 l\u2019appui du minist\u00e8re et qui a abouti au lancement d\u2019un MBA conjoint qui int\u00e8gre \u00e0 la fois la dimension manag\u00e9riale et la dimension technologique.<\/strong><\/p>\n","protected":false},"excerpt":{"rendered":"<p>Rabat \u2013 le12 L\u2019Institut agronomique et v\u00e9t\u00e9rinaire Hassan II (IAV) et l\u2019ESCA Ecole de Management ont lanc\u00e9, vendredi, un MBA (Master of Business administration) conjoint visant \u00e0 mettre \u00e0 niveau les capacit\u00e9s manag\u00e9riales des hauts cadres et responsables op\u00e9rant dans le domaine agricole et du d\u00e9veloppement rural. L\u2019ouverture de ce MBA est une premi\u00e8re du [&hellip;]<\/p>\n","protected":false},"author":4,"featured_media":7290,"comment_status":"open","ping_status":"open","sticky":false,"template":"","format":"standard","meta":[],"categories":[26,25],"tags":[],"yst_prominent_words":[690,4432,389],"jetpack_featured_media_url":"https:\/\/le12.ma\/fr\/wp-content\/uploads\/2020\/11\/IMAGE-4-copier.jpg","_links":{"self":[{"href":"https:\/\/le12.ma\/fr\/wp-json\/wp\/v2\/posts\/7289"}],"collection":[{"href":"https:\/\/le12.ma\/fr\/wp-json\/wp\/v2\/posts"}],"about":[{"href":"https:\/\/le12.ma\/fr\/wp-json\/wp\/v2\/types\/post"}],"author":[{"embeddable":true,"href":"https:\/\/le12.ma\/fr\/wp-json\/wp\/v2\/users\/4"}],"replies":[{"embeddable":true,"href":"https:\/\/le12.ma\/fr\/wp-json\/wp\/v2\/comments?post=7289"}],"version-history":[{"count":1,"href":"https:\/\/le12.ma\/fr\/wp-json\/wp\/v2\/posts\/7289\/revisions"}],"predecessor-version":[{"id":7291,"href":"https:\/\/le12.ma\/fr\/wp-json\/wp\/v2\/posts\/7289\/revisions\/7291"}],"wp:featuredmedia":[{"embeddable":true,"href":"https:\/\/le12.ma\/fr\/wp-json\/wp\/v2\/media\/7290"}],"wp:attachment":[{"href":"https:\/\/le12.ma\/fr\/wp-json\/wp\/v2\/media?parent=7289"}],"wp:term":[{"taxonomy":"category","embeddable":true,"href":"https:\/\/le12.ma\/fr\/wp-json\/wp\/v2\/categories?post=7289"},{"taxonomy":"post_tag","embeddable":true,"href":"https:\/\/le12.ma\/fr\/wp-json\/wp\/v2\/tags?post=7289"},{"taxonomy":"yst_prominent_words","embeddable":true,"href":"https:\/\/le12.ma\/fr\/wp-json\/wp\/v2\/yst_prominent_words?post=7289"}],"curies":[{"name":"wp","href":"https:\/\/api.w.org\/{rel}","templated":true}]}}