{"id":7077,"date":"2020-11-11T10:17:30","date_gmt":"2020-11-11T09:17:30","guid":{"rendered":"https:\/\/le12.ma\/fr\/?p=7077"},"modified":"2020-11-11T10:17:30","modified_gmt":"2020-11-11T09:17:30","slug":"nouvelle-publication-de-lircam-dediee-aux-parcours-et-aux-realisations-de-linstitut","status":"publish","type":"post","link":"https:\/\/le12.ma\/fr\/nouvelle-publication-de-lircam-dediee-aux-parcours-et-aux-realisations-de-linstitut\/","title":{"rendered":"Nouvelle publication de l\u2019IRCAM d\u00e9di\u00e9e aux parcours et aux r\u00e9alisations de l\u2019Institut"},"content":{"rendered":"<p><span style=\"color: #ff0000;\"><strong>Rabat-le12<\/strong><\/span><\/p>\n<p><strong>L\u2019Institut royal de la culture amazighe (IRCAM) a publi\u00e9 r\u00e9cemment un beau livre intitul\u00e9 \u201cL\u2019Institut royal de la culture amazighe : parcours et r\u00e9alisations\u201d, \u00e9dit\u00e9 en langues arabe et amazighe.<\/strong><\/p>\n<p><strong>Cette nouvelle publication met en \u00e9vidence le r\u00f4le de l\u2019IRCAM en mati\u00e8re de valorisation et de rayonnement de la langue et de la culture amazighes, deux composantes fondamentales de l\u2019identit\u00e9 nationale, indique, mardi, un communiqu\u00e9 de l\u2019IRCAM.<\/strong><\/p>\n","protected":false},"excerpt":{"rendered":"<p>Rabat-le12 L\u2019Institut royal de la culture amazighe (IRCAM) a publi\u00e9 r\u00e9cemment un beau livre intitul\u00e9 \u201cL\u2019Institut royal de la culture amazighe : parcours et r\u00e9alisations\u201d, \u00e9dit\u00e9 en langues arabe et amazighe. Cette nouvelle publication met en \u00e9vidence le r\u00f4le de l\u2019IRCAM en mati\u00e8re de valorisation et de rayonnement de la langue et de la culture [&hellip;]<\/p>\n","protected":false},"author":4,"featured_media":7078,"comment_status":"open","ping_status":"open","sticky":false,"template":"","format":"standard","meta":[],"categories":[26,31],"tags":[],"yst_prominent_words":[584,583,582,3450],"jetpack_featured_media_url":"https:\/\/le12.ma\/fr\/wp-content\/uploads\/2020\/11\/Ircam.jpg","_links":{"self":[{"href":"https:\/\/le12.ma\/fr\/wp-json\/wp\/v2\/posts\/7077"}],"collection":[{"href":"https:\/\/le12.ma\/fr\/wp-json\/wp\/v2\/posts"}],"about":[{"href":"https:\/\/le12.ma\/fr\/wp-json\/wp\/v2\/types\/post"}],"author":[{"embeddable":true,"href":"https:\/\/le12.ma\/fr\/wp-json\/wp\/v2\/users\/4"}],"replies":[{"embeddable":true,"href":"https:\/\/le12.ma\/fr\/wp-json\/wp\/v2\/comments?post=7077"}],"version-history":[{"count":1,"href":"https:\/\/le12.ma\/fr\/wp-json\/wp\/v2\/posts\/7077\/revisions"}],"predecessor-version":[{"id":7079,"href":"https:\/\/le12.ma\/fr\/wp-json\/wp\/v2\/posts\/7077\/revisions\/7079"}],"wp:featuredmedia":[{"embeddable":true,"href":"https:\/\/le12.ma\/fr\/wp-json\/wp\/v2\/media\/7078"}],"wp:attachment":[{"href":"https:\/\/le12.ma\/fr\/wp-json\/wp\/v2\/media?parent=7077"}],"wp:term":[{"taxonomy":"category","embeddable":true,"href":"https:\/\/le12.ma\/fr\/wp-json\/wp\/v2\/categories?post=7077"},{"taxonomy":"post_tag","embeddable":true,"href":"https:\/\/le12.ma\/fr\/wp-json\/wp\/v2\/tags?post=7077"},{"taxonomy":"yst_prominent_words","embeddable":true,"href":"https:\/\/le12.ma\/fr\/wp-json\/wp\/v2\/yst_prominent_words?post=7077"}],"curies":[{"name":"wp","href":"https:\/\/api.w.org\/{rel}","templated":true}]}}