{"id":6817,"date":"2020-11-05T10:36:56","date_gmt":"2020-11-05T09:36:56","guid":{"rendered":"https:\/\/le12.ma\/fr\/?p=6817"},"modified":"2020-11-05T10:36:56","modified_gmt":"2020-11-05T09:36:56","slug":"ouverture-du-39e-salon-international-du-livre-de-charjah-avec-la-participation-du-maroc","status":"publish","type":"post","link":"https:\/\/le12.ma\/fr\/ouverture-du-39e-salon-international-du-livre-de-charjah-avec-la-participation-du-maroc\/","title":{"rendered":"Ouverture du 39\u00e8 Salon international du livre de Charjah avec la participation du Maroc"},"content":{"rendered":"<p><span style=\"color: #ff0000;\"><strong>Charjah \u2013 le12<\/strong><\/span><\/p>\n<p><strong>La 39\u00e8 \u00e9dition du Salon international du livre de Charjah a ouvert ses portes, mercredi, sous le th\u00e8me \u201cle monde lit de Charjah\u201d avec la participation d\u2019une centaine d\u2019\u00e9diteurs venant de diff\u00e9rents pays dont le Maroc.<\/strong><\/p>\n<p><strong>Le Royaume est repr\u00e9sent\u00e9 \u00e0 ce Salon, qui se poursuit jusqu\u2019au 14 courant, par des maisons d\u2019\u00e9dition dont le Centre culturel du Livre, Yanbou\u00e2 Al Kitab, la Crois\u00e9e des chemins, Dar Al Aman, Dar Sliki et Dar Tawhidi.<\/strong><\/p>\n","protected":false},"excerpt":{"rendered":"<p>Charjah \u2013 le12 La 39\u00e8 \u00e9dition du Salon international du livre de Charjah a ouvert ses portes, mercredi, sous le th\u00e8me \u201cle monde lit de Charjah\u201d avec la participation d\u2019une centaine d\u2019\u00e9diteurs venant de diff\u00e9rents pays dont le Maroc. Le Royaume est repr\u00e9sent\u00e9 \u00e0 ce Salon, qui se poursuit jusqu\u2019au 14 courant, par des maisons [&hellip;]<\/p>\n","protected":false},"author":4,"featured_media":6818,"comment_status":"open","ping_status":"open","sticky":false,"template":"","format":"standard","meta":[],"categories":[26,31],"tags":[],"yst_prominent_words":[138,3663,1003],"jetpack_featured_media_url":"https:\/\/le12.ma\/fr\/wp-content\/uploads\/2020\/11\/20160520192628.jpg","_links":{"self":[{"href":"https:\/\/le12.ma\/fr\/wp-json\/wp\/v2\/posts\/6817"}],"collection":[{"href":"https:\/\/le12.ma\/fr\/wp-json\/wp\/v2\/posts"}],"about":[{"href":"https:\/\/le12.ma\/fr\/wp-json\/wp\/v2\/types\/post"}],"author":[{"embeddable":true,"href":"https:\/\/le12.ma\/fr\/wp-json\/wp\/v2\/users\/4"}],"replies":[{"embeddable":true,"href":"https:\/\/le12.ma\/fr\/wp-json\/wp\/v2\/comments?post=6817"}],"version-history":[{"count":1,"href":"https:\/\/le12.ma\/fr\/wp-json\/wp\/v2\/posts\/6817\/revisions"}],"predecessor-version":[{"id":6819,"href":"https:\/\/le12.ma\/fr\/wp-json\/wp\/v2\/posts\/6817\/revisions\/6819"}],"wp:featuredmedia":[{"embeddable":true,"href":"https:\/\/le12.ma\/fr\/wp-json\/wp\/v2\/media\/6818"}],"wp:attachment":[{"href":"https:\/\/le12.ma\/fr\/wp-json\/wp\/v2\/media?parent=6817"}],"wp:term":[{"taxonomy":"category","embeddable":true,"href":"https:\/\/le12.ma\/fr\/wp-json\/wp\/v2\/categories?post=6817"},{"taxonomy":"post_tag","embeddable":true,"href":"https:\/\/le12.ma\/fr\/wp-json\/wp\/v2\/tags?post=6817"},{"taxonomy":"yst_prominent_words","embeddable":true,"href":"https:\/\/le12.ma\/fr\/wp-json\/wp\/v2\/yst_prominent_words?post=6817"}],"curies":[{"name":"wp","href":"https:\/\/api.w.org\/{rel}","templated":true}]}}