{"id":6515,"date":"2020-10-29T12:30:21","date_gmt":"2020-10-29T11:30:21","guid":{"rendered":"https:\/\/le12.ma\/fr\/?p=6515"},"modified":"2020-10-29T12:30:21","modified_gmt":"2020-10-29T11:30:21","slug":"la-fondation-nationale-des-musees-deplore-le-deces-de-lartiste-peintre-mohamed-melehi","status":"publish","type":"post","link":"https:\/\/le12.ma\/fr\/la-fondation-nationale-des-musees-deplore-le-deces-de-lartiste-peintre-mohamed-melehi\/","title":{"rendered":"La Fondation nationale des mus\u00e9es d\u00e9plore le d\u00e9c\u00e8s de l\u2019artiste-peintre Mohamed Melehi"},"content":{"rendered":"<p><span style=\"color: #ff0000;\"><strong>Rabat \u2013le12<\/strong><\/span><\/p>\n<p><strong>La Fondation nationale des mus\u00e9es (FNM) a d\u00e9plor\u00e9 la disparition de l\u2019artiste-peintre marocain Mohamed Melehi, d\u00e9c\u00e9d\u00e9 mercredi \u00e0 Paris \u00e0 l\u2019\u00e2ge de 84 ans, des suites du nouveau coronavirus.<\/strong><\/p>\n<p><strong>\u201cLa Fondation nationale des mus\u00e9es a appris ce soir, avec une grande tristesse, le d\u00e9c\u00e8s de l\u2019artiste Mohamed Melehi, qui \u00e9tait un artiste majeur et un pionnier de la modernit\u00e9 qui a marqu\u00e9 des g\u00e9n\u00e9rations\u201d, indique la Fondation dans un communiqu\u00e9, tout en pr\u00e9sentant ses sinc\u00e8res condol\u00e9ances \u00e0 la famille du d\u00e9funt et \u00e0 ses proches.<\/strong><\/p>\n<p><strong>Feu Melehi est parmi les artistes les plus actifs et engag\u00e9s de sa g\u00e9n\u00e9ration, outre sa vocation d\u2019artiste. Il est aussi p\u00e9dagogue chevronn\u00e9 qui a enseign\u00e9 \u00e0 l\u2019\u00e9cole des beaux-arts de Casablanca de 1964 \u00e0 1969, t\u00e9moigne la FNM, ajoutant que le d\u00e9funt a aussi cr\u00e9\u00e9 et dirig\u00e9 la revue artistique et litt\u00e9raire \u201cInt\u00e9gral\u201d en 1971.<\/strong><\/p>\n<p><strong>Feu Melehi a \u00e9galement occup\u00e9 des postes de responsabilit\u00e9 aussi bien au minist\u00e8re de la Culture qu\u2019\u00e0 celui des Affaires \u00e9trang\u00e8res, selon la m\u00eame source.<\/strong><\/p>\n","protected":false},"excerpt":{"rendered":"<p>Rabat \u2013le12 La Fondation nationale des mus\u00e9es (FNM) a d\u00e9plor\u00e9 la disparition de l\u2019artiste-peintre marocain Mohamed Melehi, d\u00e9c\u00e9d\u00e9 mercredi \u00e0 Paris \u00e0 l\u2019\u00e2ge de 84 ans, des suites du nouveau coronavirus. \u201cLa Fondation nationale des mus\u00e9es a appris ce soir, avec une grande tristesse, le d\u00e9c\u00e8s de l\u2019artiste Mohamed Melehi, qui \u00e9tait un artiste majeur [&hellip;]<\/p>\n","protected":false},"author":4,"featured_media":6516,"comment_status":"open","ping_status":"open","sticky":false,"template":"","format":"standard","meta":[],"categories":[26,31],"tags":[],"yst_prominent_words":[4101,3938,1468,841,1456,1453,493,310,1104],"jetpack_featured_media_url":"https:\/\/le12.ma\/fr\/wp-content\/uploads\/2020\/10\/2019-02-07_16_04_58-1867.jpg","_links":{"self":[{"href":"https:\/\/le12.ma\/fr\/wp-json\/wp\/v2\/posts\/6515"}],"collection":[{"href":"https:\/\/le12.ma\/fr\/wp-json\/wp\/v2\/posts"}],"about":[{"href":"https:\/\/le12.ma\/fr\/wp-json\/wp\/v2\/types\/post"}],"author":[{"embeddable":true,"href":"https:\/\/le12.ma\/fr\/wp-json\/wp\/v2\/users\/4"}],"replies":[{"embeddable":true,"href":"https:\/\/le12.ma\/fr\/wp-json\/wp\/v2\/comments?post=6515"}],"version-history":[{"count":1,"href":"https:\/\/le12.ma\/fr\/wp-json\/wp\/v2\/posts\/6515\/revisions"}],"predecessor-version":[{"id":6517,"href":"https:\/\/le12.ma\/fr\/wp-json\/wp\/v2\/posts\/6515\/revisions\/6517"}],"wp:featuredmedia":[{"embeddable":true,"href":"https:\/\/le12.ma\/fr\/wp-json\/wp\/v2\/media\/6516"}],"wp:attachment":[{"href":"https:\/\/le12.ma\/fr\/wp-json\/wp\/v2\/media?parent=6515"}],"wp:term":[{"taxonomy":"category","embeddable":true,"href":"https:\/\/le12.ma\/fr\/wp-json\/wp\/v2\/categories?post=6515"},{"taxonomy":"post_tag","embeddable":true,"href":"https:\/\/le12.ma\/fr\/wp-json\/wp\/v2\/tags?post=6515"},{"taxonomy":"yst_prominent_words","embeddable":true,"href":"https:\/\/le12.ma\/fr\/wp-json\/wp\/v2\/yst_prominent_words?post=6515"}],"curies":[{"name":"wp","href":"https:\/\/api.w.org\/{rel}","templated":true}]}}