{"id":6425,"date":"2020-10-27T01:23:25","date_gmt":"2020-10-27T00:23:25","guid":{"rendered":"https:\/\/le12.ma\/fr\/?p=6425"},"modified":"2020-10-27T01:23:25","modified_gmt":"2020-10-27T00:23:25","slug":"eclat-damour-et-des-amours-confinees-nouveau-recueil-de-la-journaliste-et-poetesse-bouchra-fadel","status":"publish","type":"post","link":"https:\/\/le12.ma\/fr\/eclat-damour-et-des-amours-confinees-nouveau-recueil-de-la-journaliste-et-poetesse-bouchra-fadel\/","title":{"rendered":"\u201c\u00c9clat d\u2019amour et des amours confin\u00e9es\u201d, nouveau recueil de la journaliste et po\u00e9tesse Bouchra Fadel"},"content":{"rendered":"<p class=\"p3\"><strong><span class=\"s2\">Rabat \u2013 (map)<\/span><\/strong><\/p>\n<p class=\"p3\"><strong><span class=\"s2\">Un nouveau recueil de po\u00e8mes de la journaliste et po\u00e9tesse Bouchra Fadel intitul\u00e9 \u201c\u00c9clat d\u2019amour et des amours confin\u00e9es\u201d vient de para\u00eetre aux \u00e9ditions Bouregreg.<\/span><\/strong><\/p>\n<p class=\"p3\"><strong><span class=\"s2\">S\u2019\u00e9talant sur 140 pages de format moyen, ce recueil est le deuxi\u00e8me de la po\u00e9tesse Bouchra Fadel, apr\u00e8s son premier publi\u00e9 en 2017, pour lequel la journaliste \u00e0 l\u2019Agence marocaine de presse (MAP) avait choisi \u201cR\u00eaves au f\u00e9minin\u201d comme intitul\u00e9.<\/span><\/strong><\/p>\n<p class=\"p3\"><strong><span class=\"s2\">\u201c\u00c9clat d\u2019amour et des amours confin\u00e9es\u201d, dont la couverture a \u00e9t\u00e9 orn\u00e9e d\u2019une \u0153uvre de l\u2019artiste peintre Nowman Zindi, est compos\u00e9 de deux parties. La premi\u00e8re comporte des po\u00e8mes en langue fran\u00e7aise, alors que le po\u00e8te Soulaimane Elhouari en a assur\u00e9 la traduction en arabe dans la seconde.<\/span><\/strong><\/p>\n<p class=\"p3\"><strong><span class=\"s2\">La partie fran\u00e7aise a \u00e9t\u00e9 pr\u00e9fac\u00e9e par le chirurgien, po\u00e8te et photographe fran\u00e7ais Jean Victor Belemere. \u201cLa mati\u00e8re est l\u00e0 exceptionnelle et riche, profond\u00e9ment d\u00e9ploy\u00e9e de mots o\u00f9 les m\u00e9taphores sont \u00e0 peine esquiss\u00e9es tant elles sont l\u00e9g\u00e8res (\u2026). Il y a tant d\u2019\u00e9nergie que la faiblesse affleure \u00e0 chacune des images\u2026\u201d, \u00e9crit-il dans sa pr\u00e9face.<\/span><\/strong><\/p>\n<p class=\"p3\"><strong><span class=\"s2\">Le recueil comprend 16 po\u00e8mes dans sa premi\u00e8re sous-partie \u201c\u00c9clat d\u2019amour\u201d, dont \u201cJe t\u2019aime p\u00e8re\u201d, \u201cLa chambre de mon p\u00e8re\u201d, \u201cL\u2019amour est de retour\u201d, \u201cEntre deux palmiers\u201d. La seconde \u201cAmours confin\u00e9es\u201d est compos\u00e9e, quant \u00e0 elle, de 17 po\u00e8mes, \u00e0 savoir, entre autres, \u201cLe sourire se perd\u201d, \u201cJe rumine quelques vers\u201d, \u201cLes \u00e9t\u00e9s sont courts\u201d et \u201cL\u2019instant\u201d.<\/span><\/strong><\/p>\n","protected":false},"excerpt":{"rendered":"<p>Rabat \u2013 (map) Un nouveau recueil de po\u00e8mes de la journaliste et po\u00e9tesse Bouchra Fadel intitul\u00e9 \u201c\u00c9clat d\u2019amour et des amours confin\u00e9es\u201d vient de para\u00eetre aux \u00e9ditions Bouregreg. S\u2019\u00e9talant sur 140 pages de format moyen, ce recueil est le deuxi\u00e8me de la po\u00e9tesse Bouchra Fadel, apr\u00e8s son premier publi\u00e9 en 2017, pour lequel la journaliste [&hellip;]<\/p>\n","protected":false},"author":2,"featured_media":6426,"comment_status":"open","ping_status":"open","sticky":false,"template":"","format":"standard","meta":[],"categories":[31],"tags":[],"yst_prominent_words":[3093,5931],"jetpack_featured_media_url":"https:\/\/le12.ma\/fr\/wp-content\/uploads\/2020\/10\/DA5DE280-7EAA-4E43-B22F-848482B6DAD3.jpeg","_links":{"self":[{"href":"https:\/\/le12.ma\/fr\/wp-json\/wp\/v2\/posts\/6425"}],"collection":[{"href":"https:\/\/le12.ma\/fr\/wp-json\/wp\/v2\/posts"}],"about":[{"href":"https:\/\/le12.ma\/fr\/wp-json\/wp\/v2\/types\/post"}],"author":[{"embeddable":true,"href":"https:\/\/le12.ma\/fr\/wp-json\/wp\/v2\/users\/2"}],"replies":[{"embeddable":true,"href":"https:\/\/le12.ma\/fr\/wp-json\/wp\/v2\/comments?post=6425"}],"version-history":[{"count":1,"href":"https:\/\/le12.ma\/fr\/wp-json\/wp\/v2\/posts\/6425\/revisions"}],"predecessor-version":[{"id":6427,"href":"https:\/\/le12.ma\/fr\/wp-json\/wp\/v2\/posts\/6425\/revisions\/6427"}],"wp:featuredmedia":[{"embeddable":true,"href":"https:\/\/le12.ma\/fr\/wp-json\/wp\/v2\/media\/6426"}],"wp:attachment":[{"href":"https:\/\/le12.ma\/fr\/wp-json\/wp\/v2\/media?parent=6425"}],"wp:term":[{"taxonomy":"category","embeddable":true,"href":"https:\/\/le12.ma\/fr\/wp-json\/wp\/v2\/categories?post=6425"},{"taxonomy":"post_tag","embeddable":true,"href":"https:\/\/le12.ma\/fr\/wp-json\/wp\/v2\/tags?post=6425"},{"taxonomy":"yst_prominent_words","embeddable":true,"href":"https:\/\/le12.ma\/fr\/wp-json\/wp\/v2\/yst_prominent_words?post=6425"}],"curies":[{"name":"wp","href":"https:\/\/api.w.org\/{rel}","templated":true}]}}