{"id":6332,"date":"2020-10-25T12:45:53","date_gmt":"2020-10-25T11:45:53","guid":{"rendered":"https:\/\/le12.ma\/fr\/?p=6332"},"modified":"2020-10-25T12:45:53","modified_gmt":"2020-10-25T11:45:53","slug":"les-artistes-de-jemaa-fna-redonnent-vie-a-la-place-mythique-de-la-cite-ocre","status":"publish","type":"post","link":"https:\/\/le12.ma\/fr\/les-artistes-de-jemaa-fna-redonnent-vie-a-la-place-mythique-de-la-cite-ocre\/","title":{"rendered":"Les artistes de Jema\u00e2 Fna redonnent vie \u00e0 la place mythique de la cit\u00e9 ocre"},"content":{"rendered":"<p><span style=\"color: #ff0000;\"><strong>Marrakech \u2013 le12<\/strong><\/span><\/p>\n<p><strong>Des dizaines de groupes d\u2019artistes de la c\u00e9l\u00e8bre Place Jemaa Fna ont \u00e9t\u00e9 invit\u00e9s, samedi, \u00e0 animer des spectacles en vue de redonner vie \u00e0 la mythique place au cours d\u2019une journ\u00e9e de repr\u00e9sentation artistique.<\/strong><\/p>\n<p><strong>Initi\u00e9e par le Centre de d\u00e9veloppement de la r\u00e9gion du Tensift (CDRT) et l\u2019Association Grand Atlas en collaboration et en coordination avec la Wilaya de la r\u00e9gion Marrakech-Safi, cette manifestation culturelle et artistique se voulait lancer un message fort, celui de la solidarit\u00e9 et l\u2019espoir en un retour \u00e0 la normale dans cette mythique place, qui aspire accueillir \u00e0 bras ouverts, dans un avenir tr\u00e8s proche, ses visiteurs et ses artistes.<\/strong><\/p>\n","protected":false},"excerpt":{"rendered":"<p>Marrakech \u2013 le12 Des dizaines de groupes d\u2019artistes de la c\u00e9l\u00e8bre Place Jemaa Fna ont \u00e9t\u00e9 invit\u00e9s, samedi, \u00e0 animer des spectacles en vue de redonner vie \u00e0 la mythique place au cours d\u2019une journ\u00e9e de repr\u00e9sentation artistique. Initi\u00e9e par le Centre de d\u00e9veloppement de la r\u00e9gion du Tensift (CDRT) et l\u2019Association Grand Atlas en [&hellip;]<\/p>\n","protected":false},"author":4,"featured_media":6333,"comment_status":"open","ping_status":"open","sticky":false,"template":"","format":"standard","meta":[],"categories":[26,31],"tags":[],"yst_prominent_words":[2849,365,967],"jetpack_featured_media_url":"https:\/\/le12.ma\/fr\/wp-content\/uploads\/2020\/10\/20201025_124350.jpg","_links":{"self":[{"href":"https:\/\/le12.ma\/fr\/wp-json\/wp\/v2\/posts\/6332"}],"collection":[{"href":"https:\/\/le12.ma\/fr\/wp-json\/wp\/v2\/posts"}],"about":[{"href":"https:\/\/le12.ma\/fr\/wp-json\/wp\/v2\/types\/post"}],"author":[{"embeddable":true,"href":"https:\/\/le12.ma\/fr\/wp-json\/wp\/v2\/users\/4"}],"replies":[{"embeddable":true,"href":"https:\/\/le12.ma\/fr\/wp-json\/wp\/v2\/comments?post=6332"}],"version-history":[{"count":1,"href":"https:\/\/le12.ma\/fr\/wp-json\/wp\/v2\/posts\/6332\/revisions"}],"predecessor-version":[{"id":6334,"href":"https:\/\/le12.ma\/fr\/wp-json\/wp\/v2\/posts\/6332\/revisions\/6334"}],"wp:featuredmedia":[{"embeddable":true,"href":"https:\/\/le12.ma\/fr\/wp-json\/wp\/v2\/media\/6333"}],"wp:attachment":[{"href":"https:\/\/le12.ma\/fr\/wp-json\/wp\/v2\/media?parent=6332"}],"wp:term":[{"taxonomy":"category","embeddable":true,"href":"https:\/\/le12.ma\/fr\/wp-json\/wp\/v2\/categories?post=6332"},{"taxonomy":"post_tag","embeddable":true,"href":"https:\/\/le12.ma\/fr\/wp-json\/wp\/v2\/tags?post=6332"},{"taxonomy":"yst_prominent_words","embeddable":true,"href":"https:\/\/le12.ma\/fr\/wp-json\/wp\/v2\/yst_prominent_words?post=6332"}],"curies":[{"name":"wp","href":"https:\/\/api.w.org\/{rel}","templated":true}]}}