{"id":6271,"date":"2020-10-23T16:48:35","date_gmt":"2020-10-23T15:48:35","guid":{"rendered":"https:\/\/le12.ma\/fr\/?p=6271"},"modified":"2020-10-23T16:48:35","modified_gmt":"2020-10-23T15:48:35","slug":"la-fnm-recoit-un-don-de-170-oeuvres-artistiques-majeures","status":"publish","type":"post","link":"https:\/\/le12.ma\/fr\/la-fnm-recoit-un-don-de-170-oeuvres-artistiques-majeures\/","title":{"rendered":"La FNM re\u00e7oit un don de 170 \u0153uvres artistiques majeures"},"content":{"rendered":"<p><span style=\"color: #ff0000;\"><strong>Rabat \u2013 le12<\/strong><\/span><\/p>\n<p><strong>La Fondation nationale des mus\u00e9es (FNM) a annonc\u00e9 vendredi avoir re\u00e7u un don \u201cd\u2019une insigne g\u00e9n\u00e9rosit\u00e9\u201d de plus de 170 \u0153uvres majeures de la part de M. El Khalil Belguench.<\/strong><\/p>\n<p><strong>Cette collection comprend des artistes europ\u00e9ens orientalistes qui avaient visit\u00e9 le Maroc et ceux qui l\u2019avaient choisi comme destination de vie comme Jacques Majorelle, Edy-Legrand, Claudio Bravo ou encore Jacques Veyrassat, a indiqu\u00e9 la FNM dans un communiqu\u00e9.<\/strong><\/p>\n<p><strong>Le don comprend \u00e9galement des \u0153uvres de plusieurs artistes marocains dont Mohammed Ben Ali R\u2019bati, Mohamed Ben Allal, Ahmed Yacoubi, Mohamed Hamri, Mohamed Melehi, Mekki Mghara, Mohamed Chebaa, Ahmed Cherkaoui, Belkahia, Hamidi, Hafid, Nabili, Miloud Labied, Fouad Bellamine, Abdelkebir Rabia, Fatima Hassan, Mustapha Boujemaaoui, Mohamed Kacimi et Drissi.<\/strong><\/p>\n<p><strong>Ce don est \u201cun acte de confiance \u00e0 l\u2019\u00e9gard de la Fondation nationale des mus\u00e9es pour le travail qu\u2019elle effectue en faveur du rayonnement de la culture au Maroc\u201d, a estim\u00e9 la m\u00eame source.<\/strong><\/p>\n","protected":false},"excerpt":{"rendered":"<p>Rabat \u2013 le12 La Fondation nationale des mus\u00e9es (FNM) a annonc\u00e9 vendredi avoir re\u00e7u un don \u201cd\u2019une insigne g\u00e9n\u00e9rosit\u00e9\u201d de plus de 170 \u0153uvres majeures de la part de M. El Khalil Belguench. Cette collection comprend des artistes europ\u00e9ens orientalistes qui avaient visit\u00e9 le Maroc et ceux qui l\u2019avaient choisi comme destination de vie comme [&hellip;]<\/p>\n","protected":false},"author":4,"featured_media":6272,"comment_status":"open","ping_status":"open","sticky":false,"template":"","format":"standard","meta":[],"categories":[26,31],"tags":[],"yst_prominent_words":[2856,5123,1468,841,1456,1453,69,493,310,1104],"jetpack_featured_media_url":"https:\/\/le12.ma\/fr\/wp-content\/uploads\/2020\/10\/daily-040620-3.2.jpg","_links":{"self":[{"href":"https:\/\/le12.ma\/fr\/wp-json\/wp\/v2\/posts\/6271"}],"collection":[{"href":"https:\/\/le12.ma\/fr\/wp-json\/wp\/v2\/posts"}],"about":[{"href":"https:\/\/le12.ma\/fr\/wp-json\/wp\/v2\/types\/post"}],"author":[{"embeddable":true,"href":"https:\/\/le12.ma\/fr\/wp-json\/wp\/v2\/users\/4"}],"replies":[{"embeddable":true,"href":"https:\/\/le12.ma\/fr\/wp-json\/wp\/v2\/comments?post=6271"}],"version-history":[{"count":1,"href":"https:\/\/le12.ma\/fr\/wp-json\/wp\/v2\/posts\/6271\/revisions"}],"predecessor-version":[{"id":6273,"href":"https:\/\/le12.ma\/fr\/wp-json\/wp\/v2\/posts\/6271\/revisions\/6273"}],"wp:featuredmedia":[{"embeddable":true,"href":"https:\/\/le12.ma\/fr\/wp-json\/wp\/v2\/media\/6272"}],"wp:attachment":[{"href":"https:\/\/le12.ma\/fr\/wp-json\/wp\/v2\/media?parent=6271"}],"wp:term":[{"taxonomy":"category","embeddable":true,"href":"https:\/\/le12.ma\/fr\/wp-json\/wp\/v2\/categories?post=6271"},{"taxonomy":"post_tag","embeddable":true,"href":"https:\/\/le12.ma\/fr\/wp-json\/wp\/v2\/tags?post=6271"},{"taxonomy":"yst_prominent_words","embeddable":true,"href":"https:\/\/le12.ma\/fr\/wp-json\/wp\/v2\/yst_prominent_words?post=6271"}],"curies":[{"name":"wp","href":"https:\/\/api.w.org\/{rel}","templated":true}]}}