{"id":6198,"date":"2020-10-22T14:25:05","date_gmt":"2020-10-22T13:25:05","guid":{"rendered":"https:\/\/le12.ma\/fr\/?p=6198"},"modified":"2020-10-22T14:25:16","modified_gmt":"2020-10-22T13:25:16","slug":"6198-2","status":"publish","type":"post","link":"https:\/\/le12.ma\/fr\/6198-2\/","title":{"rendered":"Trois questions \u00e0 Ahmed Boukouss, recteur de l\u2019IRCAM"},"content":{"rendered":"<p><span style=\"color: #ff0000;\"><strong>Rabat \u2013le12<\/strong><\/span><\/p>\n<p><strong>A l\u2019occasion de la comm\u00e9moration du 19\u00e8me anniversaire du discours prononc\u00e9 par Sa Majest\u00e9 le Roi Mohammed VI \u00e0 Ajdir (Kh\u00e9nifra) le 17 octobre 2001, le recteur de l\u2019Institut Royal de la Culture Amazighe (IRCAM), Ahmed Boukouss, a accord\u00e9 un entretien au portail Amazigh de la MAP, dans lequel il revient sur les principales r\u00e9alisations de l\u2019Institut et sur les d\u00e9fis pos\u00e9s par la pand\u00e9mie du Coronavirus (Covid-19) tout en se projetant sur les futurs projets de l\u2019IRCAM.<\/strong><\/p>\n<p><span style=\"color: #ff0000;\"><strong>1 \u2013 Quelles sont les principales r\u00e9alisations de l\u2019IRCAM depuis le discours royal d\u2019Ajdir ?<\/strong><\/span><\/p>\n<p><strong>Tout d\u2019abord, j\u2019exprime mes vifs remerciements \u00e0 la MAP pour sa couverture m\u00e9diatique \u00e0 l\u2019occasion de la comm\u00e9moration du 19\u00e8me anniversaire du discours prononc\u00e9 par SM le Roi \u00e0 Ajdir. Ce discours en vertu duquel a \u00e9t\u00e9 cr\u00e9\u00e9 l\u2019IRCAM en tant qu\u2019institution nationale vou\u00e9e \u00e0 promouvoir la langue amazighe dans plusieurs domaines, fut un v\u00e9ritable \u00e9v\u00e9nement historique. Avant ce discours, la langue amazighe agonisait du fait de son absence des institutions, qu\u2019il s\u2019agisse de l\u2019enseignement, des m\u00e9dias, ou du champ culturel. D\u2019autre part, il y a un ensemble d\u2019associations culturelles qui militent en faveur de cette reconnaissance, et qui, en d\u00e9pit des moyens insuffisants, ont r\u00e9alis\u00e9 plusieurs acquis.<\/strong><\/p>\n<p><strong>N\u00e9anmoins, en toute objectivit\u00e9, nous pouvons dire que la langue amazighe a connu un nouvel essor dans divers domaines apr\u00e8s que SM le Roi a consacr\u00e9 plusieurs de Ses discours \u00e0 ce sujet notamment apr\u00e8s celui d\u2019Ajdir, tel que le discours du 09 mars 2011, dans laquelle le Souverain a pr\u00e9sent\u00e9 une feuille de route d\u00e9finissant les contours de la r\u00e9forme constitutionnelle. Ce discours comporte \u00e9galement des \u00e9l\u00e9ments de premi\u00e8re importance que nous pouvons consid\u00e9rer r\u00e9volutionnaires en mati\u00e8re de politique culturelle de l\u2019Etat, puisqu\u2019Il a annonc\u00e9 que l\u2019amazigh sera \u00e9rig\u00e9 en langue officielle au m\u00eame titre que la langue arabe. Le Souverain a \u00e9galement appel\u00e9 les \u00e9lus, dans plusieurs de Ses discours devant le Parlement, \u00e0 agir pour mettre en \u0153uvre les lois organiques, notamment la loi portant officialisation de la langue amazighe.<\/strong><\/p>\n<p><strong>Dans ce contexte, nous pouvons dire que le bilan de l\u2019Institut est honorable comparativement \u00e0 la situation de l\u2019amazigh avant le discours d\u2019Ajdir et la cr\u00e9ation de l\u2019IRCAM. La langue amazighe a fait son entr\u00e9e dans plusieurs domaines gr\u00e2ce aux efforts consentis par l\u2019\u00c9tat, les chercheurs universitaires et la soci\u00e9t\u00e9 civile.<\/strong><\/p>\n<p><span style=\"color: #ff0000;\"><strong>2 \u2013 Quel a \u00e9t\u00e9 l\u2019impact de la crise sanitaire sur les activit\u00e9s de l\u2019IRCAM ?<\/strong><\/span><\/p>\n<p><strong>L\u2019impact de la Covid-19 a \u00e9t\u00e9 dangereux et nocif. L\u2019Institut a \u00e9t\u00e9 contraint de geler toutes ses activit\u00e9s ext\u00e9rieures et ses relations avec les institutions, les associations et les acteurs de la soci\u00e9t\u00e9 civile. A cet \u00e9gard, les commissions administrative et scientifique de l\u2019IRCAM se sont pench\u00e9es sur la question et ont d\u00e9cid\u00e9 que les responsables de cette institution, dont le rectorat, le secr\u00e9tariat g\u00e9n\u00e9ral et les membres desdites commissions, travailleront en pr\u00e9sentiel dans le respect des mesures sanitaires en vigueur tout en faisant usage des applications de messagerie instantan\u00e9e.<\/strong><\/p>\n<p><strong>Bien que le rendement ne soit pas le m\u00eame qu\u2019auparavant, l\u2019Institut a maintenu son soutien financier aux associations culturelles amazighes et son encouragement aux artistes et chercheurs. Concernant les associations culturelles amazighes, l\u2019Institut qui demeure fid\u00e8le \u00e0 son plan de soutien financier en faveur de ces derni\u00e8res, agit \u00e9galement en faveur de la promotion des artistes et des chercheurs portant un int\u00e9r\u00eat \u00e0 la question amazighe. A ce titre, nous avons re\u00e7u plus de 400 projets de soutien que la commission a examin\u00e9 et s\u00e9lectionn\u00e9 ceux qui obtiendront le soutien pour une enveloppe globale \u00e0 hauteur de 800.000 dirhams. A cela s\u2019ajoute la politique d\u2019appui de l\u2019IRCAM aux \u00e9crivains en langue amazighe qui soumettent \u00e9galement leurs projets en vue d\u2019obtenir un financement.<\/strong><\/p>\n<p><strong>Par ailleurs, il a \u00e9t\u00e9 d\u00e9cid\u00e9 que la comm\u00e9moration du discours d\u2019Ajdir soit c\u00e9l\u00e9br\u00e9e dans le strict respect des mesures pr\u00e9ventives en vigueur dans notre pays au vu des circonstances impos\u00e9es par la pand\u00e9mie. C\u2019est ainsi que l\u2019IRCAM a \u0153uvr\u00e9 pour restreindre les effets n\u00e9fastes de la pand\u00e9mie.<\/strong><\/p>\n<p><span style=\"color: #ff0000;\"><strong>3 \u2013 Quels sont les principaux projets que l\u2019Institut entreprendra l\u2019ann\u00e9e prochaine ?<\/strong><\/span><\/p>\n<p><strong>L\u2019IRCAM s\u2019est dot\u00e9 d\u2019un plan d\u2019action pour l\u2019ann\u00e9e 2021 qui comprend un ensemble d\u2019axes, \u00e0 l\u2019instar de la n\u00e9cessit\u00e9 de promouvoir la technologie moderne. La pand\u00e9mie du Coronavirus a d\u00e9montr\u00e9 que les m\u00e9thodes traditionnelles de communication, de recherche et de production sont r\u00e9volues. La langue amazighe devrait \u00e9galement s\u2019inscrire dans cette logique.<\/strong><\/p>\n<p><strong>Bien que le bilan des exp\u00e9riences et pratiques de l\u2019Institut soit satisfaisant, des am\u00e9liorations sont attendues dans ce sens. Nous travaillions dans le cadre du traitement automatique de la langue. La langue l\u2019amazighe est pr\u00e9sente dans le syst\u00e8me Windows 2008 et 2010, mais il manque \u00e0 cette technologie les options de correction orthographique, lexicale et compositionnelle. Pour pallier \u00e0 cette difficult\u00e9, nous avons jusqu\u2019\u00e0 pr\u00e9sent r\u00e9ussi \u00e0 \u00e9laborer un ensemble d\u2019applications d\u00e9di\u00e9es au vocabulaire, malgr\u00e9 que celui-ci s\u2019emploie de fa\u00e7on inappropri\u00e9 dans les phrases et les discours.<\/strong><\/p>\n<p><strong>Aujourd\u2019hui, il existe des moyens digitaux. Il y a un ensemble de jeunes qui ont r\u00e9ussi \u00e0 aller au del\u00e0 des r\u00e9alisations de l\u2019Institut en terme de logiciels p\u00e9dagogiques (didactiels) avec lesquels nous souhaitons tisser des partenariats afin de tirer profit de leurs travaux.<\/strong><\/p>\n","protected":false},"excerpt":{"rendered":"<p>Rabat \u2013le12 A l\u2019occasion de la comm\u00e9moration du 19\u00e8me anniversaire du discours prononc\u00e9 par Sa Majest\u00e9 le Roi Mohammed VI \u00e0 Ajdir (Kh\u00e9nifra) le 17 octobre 2001, le recteur de l\u2019Institut Royal de la Culture Amazighe (IRCAM), Ahmed Boukouss, a accord\u00e9 un entretien au portail Amazigh de la MAP, dans lequel il revient sur les [&hellip;]<\/p>\n","protected":false},"author":4,"featured_media":6199,"comment_status":"open","ping_status":"open","sticky":false,"template":"","format":"standard","meta":[],"categories":[26,31,24],"tags":[],"yst_prominent_words":[584,1516,5994,3795,1218,1512],"jetpack_featured_media_url":"https:\/\/le12.ma\/fr\/wp-content\/uploads\/2020\/10\/d9eae4f969bb8dce962390044db9b3b0.jpg","_links":{"self":[{"href":"https:\/\/le12.ma\/fr\/wp-json\/wp\/v2\/posts\/6198"}],"collection":[{"href":"https:\/\/le12.ma\/fr\/wp-json\/wp\/v2\/posts"}],"about":[{"href":"https:\/\/le12.ma\/fr\/wp-json\/wp\/v2\/types\/post"}],"author":[{"embeddable":true,"href":"https:\/\/le12.ma\/fr\/wp-json\/wp\/v2\/users\/4"}],"replies":[{"embeddable":true,"href":"https:\/\/le12.ma\/fr\/wp-json\/wp\/v2\/comments?post=6198"}],"version-history":[{"count":2,"href":"https:\/\/le12.ma\/fr\/wp-json\/wp\/v2\/posts\/6198\/revisions"}],"predecessor-version":[{"id":6201,"href":"https:\/\/le12.ma\/fr\/wp-json\/wp\/v2\/posts\/6198\/revisions\/6201"}],"wp:featuredmedia":[{"embeddable":true,"href":"https:\/\/le12.ma\/fr\/wp-json\/wp\/v2\/media\/6199"}],"wp:attachment":[{"href":"https:\/\/le12.ma\/fr\/wp-json\/wp\/v2\/media?parent=6198"}],"wp:term":[{"taxonomy":"category","embeddable":true,"href":"https:\/\/le12.ma\/fr\/wp-json\/wp\/v2\/categories?post=6198"},{"taxonomy":"post_tag","embeddable":true,"href":"https:\/\/le12.ma\/fr\/wp-json\/wp\/v2\/tags?post=6198"},{"taxonomy":"yst_prominent_words","embeddable":true,"href":"https:\/\/le12.ma\/fr\/wp-json\/wp\/v2\/yst_prominent_words?post=6198"}],"curies":[{"name":"wp","href":"https:\/\/api.w.org\/{rel}","templated":true}]}}