{"id":5801,"date":"2020-10-16T13:08:14","date_gmt":"2020-10-16T12:08:14","guid":{"rendered":"https:\/\/le12.ma\/fr\/?p=5801"},"modified":"2020-10-16T13:08:14","modified_gmt":"2020-10-16T12:08:14","slug":"la-france-et-le-maroc-font-front-commun-contre-le-trafic-illegal-de-biens-culturels","status":"publish","type":"post","link":"https:\/\/le12.ma\/fr\/la-france-et-le-maroc-font-front-commun-contre-le-trafic-illegal-de-biens-culturels\/","title":{"rendered":"La France et le Maroc font front commun contre le trafic ill\u00e9gal de biens culturels"},"content":{"rendered":"<p><span style=\"color: #ff0000;\"><strong>Paris \u2013 le12<\/strong><\/span><\/p>\n<p><strong>Conform\u00e9ment \u00e0 leurs engagements internationaux, la France et le Maroc font front commun contre le trafic ill\u00e9gal de biens culturels comme l\u2019illustre la remise, jeudi \u00e0 Marseille, aux autorit\u00e9s marocaines, d\u2019une collection de 25.500 pi\u00e8ces arch\u00e9ologiques saisies par la douane fran\u00e7aise en 2005 et 2006.<\/strong><\/p>\n","protected":false},"excerpt":{"rendered":"<p>Paris \u2013 le12 Conform\u00e9ment \u00e0 leurs engagements internationaux, la France et le Maroc font front commun contre le trafic ill\u00e9gal de biens culturels comme l\u2019illustre la remise, jeudi \u00e0 Marseille, aux autorit\u00e9s marocaines, d\u2019une collection de 25.500 pi\u00e8ces arch\u00e9ologiques saisies par la douane fran\u00e7aise en 2005 et 2006.<\/p>\n","protected":false},"author":4,"featured_media":5802,"comment_status":"open","ping_status":"open","sticky":false,"template":"","format":"standard","meta":[],"categories":[26,31],"tags":[],"yst_prominent_words":[],"jetpack_featured_media_url":"https:\/\/le12.ma\/fr\/wp-content\/uploads\/2020\/10\/image.jpg","_links":{"self":[{"href":"https:\/\/le12.ma\/fr\/wp-json\/wp\/v2\/posts\/5801"}],"collection":[{"href":"https:\/\/le12.ma\/fr\/wp-json\/wp\/v2\/posts"}],"about":[{"href":"https:\/\/le12.ma\/fr\/wp-json\/wp\/v2\/types\/post"}],"author":[{"embeddable":true,"href":"https:\/\/le12.ma\/fr\/wp-json\/wp\/v2\/users\/4"}],"replies":[{"embeddable":true,"href":"https:\/\/le12.ma\/fr\/wp-json\/wp\/v2\/comments?post=5801"}],"version-history":[{"count":1,"href":"https:\/\/le12.ma\/fr\/wp-json\/wp\/v2\/posts\/5801\/revisions"}],"predecessor-version":[{"id":5803,"href":"https:\/\/le12.ma\/fr\/wp-json\/wp\/v2\/posts\/5801\/revisions\/5803"}],"wp:featuredmedia":[{"embeddable":true,"href":"https:\/\/le12.ma\/fr\/wp-json\/wp\/v2\/media\/5802"}],"wp:attachment":[{"href":"https:\/\/le12.ma\/fr\/wp-json\/wp\/v2\/media?parent=5801"}],"wp:term":[{"taxonomy":"category","embeddable":true,"href":"https:\/\/le12.ma\/fr\/wp-json\/wp\/v2\/categories?post=5801"},{"taxonomy":"post_tag","embeddable":true,"href":"https:\/\/le12.ma\/fr\/wp-json\/wp\/v2\/tags?post=5801"},{"taxonomy":"yst_prominent_words","embeddable":true,"href":"https:\/\/le12.ma\/fr\/wp-json\/wp\/v2\/yst_prominent_words?post=5801"}],"curies":[{"name":"wp","href":"https:\/\/api.w.org\/{rel}","templated":true}]}}