{"id":5797,"date":"2020-10-16T11:55:05","date_gmt":"2020-10-16T10:55:05","guid":{"rendered":"https:\/\/le12.ma\/fr\/?p=5797"},"modified":"2020-10-16T11:55:05","modified_gmt":"2020-10-16T10:55:05","slug":"la-5g-une-technologie-controversee-en-france","status":"publish","type":"post","link":"https:\/\/le12.ma\/fr\/la-5g-une-technologie-controversee-en-france\/","title":{"rendered":"La 5G, une technologie controvers\u00e9e en France"},"content":{"rendered":"<p><span style=\"color: #ff0000;\"><strong>Rabat \u2013 le12<\/strong><\/span><\/p>\n<p><strong>Avec son arriv\u00e9e imminente en France, pr\u00e9vue d\u2019ici la fin de l\u2019ann\u00e9e, la 5G suscite plus que jamais le d\u00e9bat dans l\u2019hexagone et ailleurs. L\u2019opinion publique est scind\u00e9e et fait surgir beaucoup d\u2019interrogations autour de plusieurs aspects.<\/strong><\/p>\n<p><strong>Au terme des ench\u00e8res, les op\u00e9rateurs de t\u00e9l\u00e9com se sont partag\u00e9s les fr\u00e9quences de la cinqui\u00e8me g\u00e9n\u00e9ration de t\u00e9l\u00e9phonie mobile. Orange en rafle les plus grandes parts et l\u2019\u00c9tat quant \u00e0 lui r\u00e9colte \u00e0 peu pr\u00e8s 2,8 milliards d\u2019Euros.<\/strong><\/p>\n<p><strong>Au-del\u00e0 de cet aspect p\u00e9cuniaire, la 5G est fortement critiqu\u00e9e et son utilit\u00e9 est remise en question. Les optimistes y voient une innovation sans pr\u00e9c\u00e9dent tandis que les plus pessimistes l\u2019assimilent \u00e0 une catastrophe environnementale et\/ou sanitaire.<\/strong><\/p>\n<p><strong>Les hostilit\u00e9s ont d\u00e9but\u00e9 lorsque des ONG et des responsables politiques ont \u00e9voqu\u00e9 des risques environnementaux et sanitaires en raison du niveau d\u2019ondes \u00e9lectromagn\u00e9tiques \u00e9mises qui auraient un impact sur la sant\u00e9 des utilisateurs.<\/strong><\/p>\n<p><strong>En effet, selon St\u00e9phane Pannetrat, pr\u00e9sident-fondateur d\u2019ART-Fi et fabricant fran\u00e7ais d\u2019appareils de mesure des ondes \u00e9lectromagn\u00e9tiques, \u201c15% des smartphones test\u00e9s sont au-dessus du seuil de 2 watts par kilogramme. Et l\u2019on ne conna\u00eet pas encore les cons\u00e9quences des bandes millim\u00e9triques sur le corps humain\u201d.<\/strong><\/p>\n<p><strong>En 2011, l\u2019OMS, de sa part, avait aussi d\u00e9sign\u00e9 les ondes \u00e9lectromagn\u00e9tiques comme peut-\u00eatre canc\u00e9rog\u00e8nes pour l\u2019homme mais sans que les recherches n\u2019aient pu conclure \u00e0 un lien direct.<\/strong><\/p>\n<p><strong>\u201cTous les travaux men\u00e9s jusqu\u2019\u00e0 maintenant par l\u2019Anses n\u2019ont pas mis en \u00e9vidence de risque av\u00e9r\u00e9 li\u00e9 \u00e0 l\u2019exposition aux antennes relais de t\u00e9l\u00e9phonie mobile\u201d, rassure pourtant Olivier Merckel, chef de l\u2019unit\u00e9 \u00e9valuation des risques li\u00e9s aux agents physiques de l\u2019Anses (Agence nationale de s\u00e9curit\u00e9 sanitaire de l\u2019alimentation, de l\u2019environnement et du travail). L\u2019agence \u201cne voit pas en quoi les signaux de la 5G seraient fondamentalement diff\u00e9rents et plus dangereux que ceux de la 4G\u201d.<\/strong><\/p>\n<p><strong>N\u00e9anmoins, une des probl\u00e9matiques majeures relative \u00e0 la 5G et suscit\u00e9e par les \u00e9cologistes reste la consommation d\u2019\u00e9nergie. En France, elle repr\u00e9sente avec le num\u00e9rique \u201cle premier poste de consommation \u00e9lectrique au bureau et le second \u00e0 la maison\u201d, souligne l\u2019Agence de transition \u00e9cologique du gouvernement (ADEME) dans son rapport de novembre 2019.<\/strong><\/p>\n<p><strong>Il n\u2019en demeure pas moins que pour l\u2019ex\u00e9cutif la 5G repr\u00e9sente une innovation majeure pour la comp\u00e9titivit\u00e9 de l\u2019hexagone, puisqu\u2019elle a d\u00e9j\u00e0 \u00e9t\u00e9 lanc\u00e9e dans 30 pays.<\/strong><\/p>\n<p><strong>Les d\u00e9fenseurs de la 5G voient en cette technologie la promesse d\u2019une meilleure efficacit\u00e9 \u00e9nerg\u00e9tique. Dans son rapport de 2019, l\u2019Autorit\u00e9 de r\u00e9gulation des communications \u00e9lectroniques (ARCEP) note effectivement que le num\u00e9rique \u201cdispose d\u2019un potentiel de d\u00e9carbonisation de plusieurs secteurs d\u2019activit\u00e9\u201d comme \u201cl\u2019adaptation intelligente de la thermique des b\u00e2timents ou bien encore la d\u00e9tection et la mesure des pertes sur les r\u00e9seaux d\u2019\u00e9nergie\u201d.<\/strong><\/p>\n<p><strong>Ceci dit, son point fort le plus \u00e9vident consiste en ses d\u00e9bits rapides (10 fois sup\u00e9rieur \u00e0 la 4G). La 5G est m\u00eame assimil\u00e9e \u00e0 une fibre optique sans fil et permettra, en d\u00e9finitive, une meilleure exp\u00e9rience de navigation surtout en connectant des objets qui ne pouvaient pas l\u2019\u00eatre jusqu\u2019\u00e0 pr\u00e9sent.<\/strong><\/p>\n<p><strong>En France ou ailleurs, l\u2019ampleur de la 5G se manifeste dans la rivalit\u00e9 et la comp\u00e9titivit\u00e9 qu\u2019elle engendre entre les entreprises de t\u00e9l\u00e9communication et les grandes puissances \u00e0 l\u2019aff\u00fbt des innovations. L\u2019enjeu est de taille et c\u2019est pour cela que les interrogations fusent et une r\u00e9flexion inclusive et globale est plus que jamais n\u00e9cessaire.<\/strong><\/p>\n","protected":false},"excerpt":{"rendered":"<p>Rabat \u2013 le12 Avec son arriv\u00e9e imminente en France, pr\u00e9vue d\u2019ici la fin de l\u2019ann\u00e9e, la 5G suscite plus que jamais le d\u00e9bat dans l\u2019hexagone et ailleurs. L\u2019opinion publique est scind\u00e9e et fait surgir beaucoup d\u2019interrogations autour de plusieurs aspects. Au terme des ench\u00e8res, les op\u00e9rateurs de t\u00e9l\u00e9com se sont partag\u00e9s les fr\u00e9quences de la [&hellip;]<\/p>\n","protected":false},"author":4,"featured_media":5798,"comment_status":"open","ping_status":"open","sticky":false,"template":"","format":"standard","meta":[],"categories":[26,3884],"tags":[],"yst_prominent_words":[1411,669,1256,5442,2218,309,5740,180],"jetpack_featured_media_url":"https:\/\/le12.ma\/fr\/wp-content\/uploads\/2020\/10\/4773d4f3f61af539dfaad272fe154048.jpg","_links":{"self":[{"href":"https:\/\/le12.ma\/fr\/wp-json\/wp\/v2\/posts\/5797"}],"collection":[{"href":"https:\/\/le12.ma\/fr\/wp-json\/wp\/v2\/posts"}],"about":[{"href":"https:\/\/le12.ma\/fr\/wp-json\/wp\/v2\/types\/post"}],"author":[{"embeddable":true,"href":"https:\/\/le12.ma\/fr\/wp-json\/wp\/v2\/users\/4"}],"replies":[{"embeddable":true,"href":"https:\/\/le12.ma\/fr\/wp-json\/wp\/v2\/comments?post=5797"}],"version-history":[{"count":2,"href":"https:\/\/le12.ma\/fr\/wp-json\/wp\/v2\/posts\/5797\/revisions"}],"predecessor-version":[{"id":5800,"href":"https:\/\/le12.ma\/fr\/wp-json\/wp\/v2\/posts\/5797\/revisions\/5800"}],"wp:featuredmedia":[{"embeddable":true,"href":"https:\/\/le12.ma\/fr\/wp-json\/wp\/v2\/media\/5798"}],"wp:attachment":[{"href":"https:\/\/le12.ma\/fr\/wp-json\/wp\/v2\/media?parent=5797"}],"wp:term":[{"taxonomy":"category","embeddable":true,"href":"https:\/\/le12.ma\/fr\/wp-json\/wp\/v2\/categories?post=5797"},{"taxonomy":"post_tag","embeddable":true,"href":"https:\/\/le12.ma\/fr\/wp-json\/wp\/v2\/tags?post=5797"},{"taxonomy":"yst_prominent_words","embeddable":true,"href":"https:\/\/le12.ma\/fr\/wp-json\/wp\/v2\/yst_prominent_words?post=5797"}],"curies":[{"name":"wp","href":"https:\/\/api.w.org\/{rel}","templated":true}]}}