{"id":5722,"date":"2020-10-15T11:36:46","date_gmt":"2020-10-15T10:36:46","guid":{"rendered":"https:\/\/le12.ma\/fr\/?p=5722"},"modified":"2020-10-15T11:36:46","modified_gmt":"2020-10-15T10:36:46","slug":"fesla-culture-soufie-se-met-au-virtuel","status":"publish","type":"post","link":"https:\/\/le12.ma\/fr\/fesla-culture-soufie-se-met-au-virtuel\/","title":{"rendered":"F\u00e8s\u2026La culture soufie se met au virtuel"},"content":{"rendered":"<p><span style=\"color: #ff0000;\"><strong>F\u00e8s -le12<\/strong><\/span><\/p>\n<p><strong>En pleine crise de Covid19, le festival de la culture soufie de F\u00e8s a choisi la voie de la continuit\u00e9, alors que les reports et les annulations des manifestations culturelles s\u2019enchainent sous d\u2019autres cieux.<\/strong><\/p>\n<p><strong>Le festival, qui souffle cette ann\u00e9e sa treizi\u00e8me bougie, accueillera son public en ligne, avec tout de m\u00eame son habituel esprit de transmission des expressions de beaut\u00e9 et de profondeur de ce patrimoine culturel et spirituel.<\/strong><\/p>\n<p><strong>Riche de ses multiples c\u00e9r\u00e9monies soufies, ses tables-rondes, ses caf\u00e9s litt\u00e9raires, ses expositions, ainsi que ses masterclass, cette manifestation culturelle (17-26 octobre), constituera \u2018\u2019une sorte de r\u00e9ponse culturelle et cr\u00e9ative \u00e0 cette crise li\u00e9e \u00e0 la pand\u00e9mie de Covid19\u2019\u2019, selon l\u2019association \u00e9ponyme.<\/strong><\/p>\n<p><strong>Plac\u00e9 sous cette ann\u00e9e sous le th\u00e8me \u2018\u2019l\u2019art de la transmission\u2019\u2019, cet \u00e9v\u00e8nement annuel demeure une red\u00e9couverte d\u2019une culture aux riches et in\u00e9puisables dimensions spirituelle, intellectuelle et artistique.<\/strong><\/p>\n<p><strong>Pour le Pr\u00e9sident du Festival, Faouzi Skali, cette \u2018\u2019\u00e9dition nous invite \u00e0 \u00eatre \u00e0 l\u2019\u00e9coute de ces perles de sagesses et d\u2019exp\u00e9rience humaine de ceux qui nous ont pr\u00e9c\u00e9d\u00e9s, avant de les mettre \u00e0 l\u2019\u00e9preuve de nos propres exp\u00e9riences\u2019\u2019, ajoutant qu\u2019elle tend \u00e0 \u2018\u2019mobiliser pour cela les moyens technologiques de la transmission contemporains, non pas pour les \u00e9riger en instruments d\u2019asservissement, mais pour les mettre au service de la transmission d\u2019une culture de l\u2019esprit\u2019\u2019.<\/strong><\/p>\n<p><strong>Elle cr\u00e9e pour cela, explique-t-il, un nouvel espace qui sera ouvert par le Festival et qui se prolongera au-del\u00e0 de celui-ci pour s\u2019\u00e9tablir d\u2019une fa\u00e7on permanente.<\/strong><\/p>\n<p><strong>Une plateforme digitale intitul\u00e9e \u2018\u2019Sufi Heritage\u2019\u2019 invitera les spiritualit\u00e9s du monde \u00e0 rejoindre le festival dans cette entreprise commune pour r\u00e9fl\u00e9chir sur les moyens de r\u00e9sister \u00e0 \u2018\u2019la globalisation d\u2019une culture sans \u00e2me, qui n\u2019\u00e9pargne pas l\u2019expression du religieux lui-m\u00eame et peut conduire \u00e0 une d\u00e9shumanisation de plus en plus radicale\u2019\u2019.<\/strong><\/p>\n<p><strong>\u2018\u2019C\u2019est peut-\u00eatre la principale le\u00e7on qu\u2019il nous faut tirer de cette crise : retrouver le sens et la saveur, \u00e0 travers les magnifiques enseignements qui nous attendent, de ces nourritures humaines et spirituelles\u2019\u2019, estime-t-il.<\/strong><\/p>\n<p><strong>Selon la directrice artistique du festival, Carole Latifa Ameer, l\u2019art de la transmission est au c\u0153ur de la programmation de cette 13\u00e8me \u00e9dition, en ce sens que le soufisme est par tradition la voie de la transmission, celle du ma\u00eetre \u00e0 disciple, des valeurs morales et du secret spirituel (sirr), permis par une cha\u00eene de transmission initiatique (silsila) remontant au Proph\u00e8te Sidna Mohammed.<\/strong><\/p>\n<p><strong>A l\u2019heure de cette crise sanitaire majeure, la question de la transmission a surgi avec force, dit-elle, notant que le festival part \u00e0 la rencontre de celles et ceux qui et gardent vivante cette culture, son patrimoine et ses valeurs.<\/strong><\/p>\n<p><strong>De F\u00e8s \u00e0 Konya en Turquie, de Grenade \u00e0 Niamey, en passant par Lahore au Pakistan, Madagh ou Beja\u00e2d, le public sera accueilli dans des centres spirituels historiques.<\/strong><\/p>\n<p><strong>Cette manifestation, qui mobilisera plus d\u2019une soixantaine d\u2019intervenants, dont des chercheurs, des sp\u00e9cialistes, des \u00e9crivains, des com\u00e9diens, des plasticiens, des musiciens et des guides spirituels, pr\u00e9voit une programmation riche et vari\u00e9e, dont des grandes soir\u00e9es soufies \u2018\u2019sur les pas d\u2019Ibn Arabi : de Murcie \u00e0 Damas\u2019\u2019, \u2018\u2019des r\u00e9sonances de Rumi \u00e0 travers le monde\u2019\u2019, des tables rondes ax\u00e9es sur les sagesses et spiritualit\u00e9s face aux enjeux politiques, des \u2018\u2019instants d\u2019\u00e9coute\u2019\u2019 centr\u00e9s sur la lecture des Sagesse de Joha.<\/strong><\/p>\n<p><strong>Elle englobe aussi des expositions artistiques, dont \u2018\u2019vibrations spirituelles de F\u00e8s\u2019\u2019 et des soir\u00e9es consacr\u00e9es aux hauts lieux du soufisme, \u00e0 travers le monde.<\/strong><\/p>\n<p><strong>D\u2019apr\u00e8s les organisateurs, il ne s\u2019agit pas en r\u00e9alit\u00e9 d\u2019un festival, dans le sens d\u2019une manifestation de repr\u00e9sentations et de spectateurs, mais d\u2019un appel \u00e0 une r\u00e9flexion et \u00e0 une m\u00e9diation qui doivent se poursuivre au-del\u00e0 de cet \u00e9v\u00e9nement et \u00e0 travers lesquelles il ne s\u2019agit de rien de moins que d\u2019esquisser les lignes d\u2019un humanisme spirituel \u00e0 venir.<\/strong><\/p>\n","protected":false},"excerpt":{"rendered":"<p>F\u00e8s -le12 En pleine crise de Covid19, le festival de la culture soufie de F\u00e8s a choisi la voie de la continuit\u00e9, alors que les reports et les annulations des manifestations culturelles s\u2019enchainent sous d\u2019autres cieux. Le festival, qui souffle cette ann\u00e9e sa treizi\u00e8me bougie, accueillera son public en ligne, avec tout de m\u00eame son [&hellip;]<\/p>\n","protected":false},"author":4,"featured_media":5723,"comment_status":"open","ping_status":"open","sticky":false,"template":"","format":"standard","meta":[],"categories":[26,31],"tags":[],"yst_prominent_words":[2849,1758,169,583,261,1503,457,2851,259,3059,255,1368,1119,1671],"jetpack_featured_media_url":"https:\/\/le12.ma\/fr\/wp-content\/uploads\/2020\/10\/1570268818\u0641\u0627\u0633258.image_corps_article.jpg","_links":{"self":[{"href":"https:\/\/le12.ma\/fr\/wp-json\/wp\/v2\/posts\/5722"}],"collection":[{"href":"https:\/\/le12.ma\/fr\/wp-json\/wp\/v2\/posts"}],"about":[{"href":"https:\/\/le12.ma\/fr\/wp-json\/wp\/v2\/types\/post"}],"author":[{"embeddable":true,"href":"https:\/\/le12.ma\/fr\/wp-json\/wp\/v2\/users\/4"}],"replies":[{"embeddable":true,"href":"https:\/\/le12.ma\/fr\/wp-json\/wp\/v2\/comments?post=5722"}],"version-history":[{"count":1,"href":"https:\/\/le12.ma\/fr\/wp-json\/wp\/v2\/posts\/5722\/revisions"}],"predecessor-version":[{"id":5724,"href":"https:\/\/le12.ma\/fr\/wp-json\/wp\/v2\/posts\/5722\/revisions\/5724"}],"wp:featuredmedia":[{"embeddable":true,"href":"https:\/\/le12.ma\/fr\/wp-json\/wp\/v2\/media\/5723"}],"wp:attachment":[{"href":"https:\/\/le12.ma\/fr\/wp-json\/wp\/v2\/media?parent=5722"}],"wp:term":[{"taxonomy":"category","embeddable":true,"href":"https:\/\/le12.ma\/fr\/wp-json\/wp\/v2\/categories?post=5722"},{"taxonomy":"post_tag","embeddable":true,"href":"https:\/\/le12.ma\/fr\/wp-json\/wp\/v2\/tags?post=5722"},{"taxonomy":"yst_prominent_words","embeddable":true,"href":"https:\/\/le12.ma\/fr\/wp-json\/wp\/v2\/yst_prominent_words?post=5722"}],"curies":[{"name":"wp","href":"https:\/\/api.w.org\/{rel}","templated":true}]}}