{"id":5694,"date":"2020-10-14T19:26:06","date_gmt":"2020-10-14T18:26:06","guid":{"rendered":"https:\/\/le12.ma\/fr\/?p=5694"},"modified":"2020-10-14T19:26:06","modified_gmt":"2020-10-14T18:26:06","slug":"apple-devoile-son-nouvel-iphone-12-compatible-avec-la-5g","status":"publish","type":"post","link":"https:\/\/le12.ma\/fr\/apple-devoile-son-nouvel-iphone-12-compatible-avec-la-5g\/","title":{"rendered":"Apple d\u00e9voile son nouvel iPhone 12, compatible avec la 5G"},"content":{"rendered":"<p><span style=\"color: #ff0000;\"><strong>San Francisco \u2013 le12<\/strong><\/span><\/p>\n<p><strong>Apple, le g\u00e9ant am\u00e9ricain de l\u2019\u00e9lectronique et des technologies, a lanc\u00e9 mardi sa nouvelle gamme de smartphones compatible \u00e0 la 5G lors d\u2019une pr\u00e9sentation en ligne. \u201cC\u2019est le d\u00e9but d\u2019une nouvelle \u00e8re\u201d, a annonc\u00e9 Tim Cook, le patron de la firme, pour marquer ce lancement tant attendu.<\/strong><\/p>\n","protected":false},"excerpt":{"rendered":"<p>San Francisco \u2013 le12 Apple, le g\u00e9ant am\u00e9ricain de l\u2019\u00e9lectronique et des technologies, a lanc\u00e9 mardi sa nouvelle gamme de smartphones compatible \u00e0 la 5G lors d\u2019une pr\u00e9sentation en ligne. \u201cC\u2019est le d\u00e9but d\u2019une nouvelle \u00e8re\u201d, a annonc\u00e9 Tim Cook, le patron de la firme, pour marquer ce lancement tant attendu.<\/p>\n","protected":false},"author":4,"featured_media":5695,"comment_status":"open","ping_status":"open","sticky":false,"template":"","format":"standard","meta":[],"categories":[26,3884],"tags":[],"yst_prominent_words":[],"jetpack_featured_media_url":"https:\/\/le12.ma\/fr\/wp-content\/uploads\/2020\/10\/iPhone-11-Pro.jpg","_links":{"self":[{"href":"https:\/\/le12.ma\/fr\/wp-json\/wp\/v2\/posts\/5694"}],"collection":[{"href":"https:\/\/le12.ma\/fr\/wp-json\/wp\/v2\/posts"}],"about":[{"href":"https:\/\/le12.ma\/fr\/wp-json\/wp\/v2\/types\/post"}],"author":[{"embeddable":true,"href":"https:\/\/le12.ma\/fr\/wp-json\/wp\/v2\/users\/4"}],"replies":[{"embeddable":true,"href":"https:\/\/le12.ma\/fr\/wp-json\/wp\/v2\/comments?post=5694"}],"version-history":[{"count":1,"href":"https:\/\/le12.ma\/fr\/wp-json\/wp\/v2\/posts\/5694\/revisions"}],"predecessor-version":[{"id":5696,"href":"https:\/\/le12.ma\/fr\/wp-json\/wp\/v2\/posts\/5694\/revisions\/5696"}],"wp:featuredmedia":[{"embeddable":true,"href":"https:\/\/le12.ma\/fr\/wp-json\/wp\/v2\/media\/5695"}],"wp:attachment":[{"href":"https:\/\/le12.ma\/fr\/wp-json\/wp\/v2\/media?parent=5694"}],"wp:term":[{"taxonomy":"category","embeddable":true,"href":"https:\/\/le12.ma\/fr\/wp-json\/wp\/v2\/categories?post=5694"},{"taxonomy":"post_tag","embeddable":true,"href":"https:\/\/le12.ma\/fr\/wp-json\/wp\/v2\/tags?post=5694"},{"taxonomy":"yst_prominent_words","embeddable":true,"href":"https:\/\/le12.ma\/fr\/wp-json\/wp\/v2\/yst_prominent_words?post=5694"}],"curies":[{"name":"wp","href":"https:\/\/api.w.org\/{rel}","templated":true}]}}