{"id":5690,"date":"2020-10-14T19:00:07","date_gmt":"2020-10-14T18:00:07","guid":{"rendered":"https:\/\/le12.ma\/fr\/?p=5690"},"modified":"2020-10-14T18:38:20","modified_gmt":"2020-10-14T17:38:20","slug":"visa-for-music-maintient-son-edition-2020-du-18-au-21-novembre","status":"publish","type":"post","link":"https:\/\/le12.ma\/fr\/visa-for-music-maintient-son-edition-2020-du-18-au-21-novembre\/","title":{"rendered":"Visa For Music maintient son \u00e9dition 2020 du 18 au 21 novembre"},"content":{"rendered":"<p><span style=\"color: #ff0000;\"><strong>Rabat \u2013 le12<\/strong><\/span><\/p>\n<p><strong>Visa For Music a annonc\u00e9 dans un communiqu\u00e9 mercredi le maintien de son \u00e9dition 2020, relevant que l\u2019\u00e9v\u00e9nement se d\u00e9roulera du 18 au 21 novembre prochain.<\/strong><\/p>\n<p><strong>Cette ann\u00e9e, malgr\u00e9 la pand\u00e9mie de la Covid-19, Visa for Music \u201cmaintient son engagement et revient le temps d\u2019une \u00e9dition +d\u00e9confin\u00e9e+\u201d, indiquent les organisateurs.<\/strong><\/p>\n","protected":false},"excerpt":{"rendered":"<p>Rabat \u2013 le12 Visa For Music a annonc\u00e9 dans un communiqu\u00e9 mercredi le maintien de son \u00e9dition 2020, relevant que l\u2019\u00e9v\u00e9nement se d\u00e9roulera du 18 au 21 novembre prochain. Cette ann\u00e9e, malgr\u00e9 la pand\u00e9mie de la Covid-19, Visa for Music \u201cmaintient son engagement et revient le temps d\u2019une \u00e9dition +d\u00e9confin\u00e9e+\u201d, indiquent les organisateurs.<\/p>\n","protected":false},"author":4,"featured_media":5691,"comment_status":"open","ping_status":"open","sticky":false,"template":"","format":"standard","meta":[],"categories":[26,31],"tags":[],"yst_prominent_words":[257],"jetpack_featured_media_url":"https:\/\/le12.ma\/fr\/wp-content\/uploads\/2020\/10\/vfm-e1540296468343-650x366-1.jpg","_links":{"self":[{"href":"https:\/\/le12.ma\/fr\/wp-json\/wp\/v2\/posts\/5690"}],"collection":[{"href":"https:\/\/le12.ma\/fr\/wp-json\/wp\/v2\/posts"}],"about":[{"href":"https:\/\/le12.ma\/fr\/wp-json\/wp\/v2\/types\/post"}],"author":[{"embeddable":true,"href":"https:\/\/le12.ma\/fr\/wp-json\/wp\/v2\/users\/4"}],"replies":[{"embeddable":true,"href":"https:\/\/le12.ma\/fr\/wp-json\/wp\/v2\/comments?post=5690"}],"version-history":[{"count":1,"href":"https:\/\/le12.ma\/fr\/wp-json\/wp\/v2\/posts\/5690\/revisions"}],"predecessor-version":[{"id":5692,"href":"https:\/\/le12.ma\/fr\/wp-json\/wp\/v2\/posts\/5690\/revisions\/5692"}],"wp:featuredmedia":[{"embeddable":true,"href":"https:\/\/le12.ma\/fr\/wp-json\/wp\/v2\/media\/5691"}],"wp:attachment":[{"href":"https:\/\/le12.ma\/fr\/wp-json\/wp\/v2\/media?parent=5690"}],"wp:term":[{"taxonomy":"category","embeddable":true,"href":"https:\/\/le12.ma\/fr\/wp-json\/wp\/v2\/categories?post=5690"},{"taxonomy":"post_tag","embeddable":true,"href":"https:\/\/le12.ma\/fr\/wp-json\/wp\/v2\/tags?post=5690"},{"taxonomy":"yst_prominent_words","embeddable":true,"href":"https:\/\/le12.ma\/fr\/wp-json\/wp\/v2\/yst_prominent_words?post=5690"}],"curies":[{"name":"wp","href":"https:\/\/api.w.org\/{rel}","templated":true}]}}