{"id":5659,"date":"2020-10-14T14:13:16","date_gmt":"2020-10-14T13:13:16","guid":{"rendered":"https:\/\/le12.ma\/fr\/?p=5659"},"modified":"2020-10-14T14:13:16","modified_gmt":"2020-10-14T13:13:16","slug":"la-culture-a-lepreuve-de-la-pandemie-4-questions-a-lexpert-brahim-el-mazned","status":"publish","type":"post","link":"https:\/\/le12.ma\/fr\/la-culture-a-lepreuve-de-la-pandemie-4-questions-a-lexpert-brahim-el-mazned\/","title":{"rendered":"La culture \u00e0 l\u2019\u00e9preuve de la pand\u00e9mie: 4 questions \u00e0 l\u2019expert Brahim El Mazned"},"content":{"rendered":"<p><span style=\"color: #ff0000;\"><strong>Casablanca \u2013 le12<\/strong><\/span><\/p>\n<p><strong>La pand\u00e9mie de Covid-19 a mis en exergue l\u2019importance de la culture en tant que mode sublime d\u2019expression de l\u2019humanit\u00e9, mais aussi comme vecteur incontournable du d\u00e9veloppement \u00e9conomique et social. Le secteur culturel et cr\u00e9atif se doit encore de faire montre de r\u00e9silience, en donnant de nouvelles dimensions \u00e0 la fa\u00e7on d\u2019investir et de cr\u00e9er la valeur.<\/strong><\/p>\n<p><strong>Dans une interview \u00e0 la MAP, Brahim El Mazned, membre de la Banque d\u2019expertise UE\/UNESCO (2019-2022), entrepreneur culturel aux multiples casquettes et fondateur de l\u2019agence culturelle Anya, fait une description du paysage culturel et artistique au temps de la pand\u00e9mie et propose des pistes \u00e0 m\u00eame d\u2019aider le secteur \u00e0 surmonter cette crise sans \u00e9gal.<\/strong><\/p>\n<p><strong>Pour M. El Mazned, \u00e9galement Directeur fondateur de Visa For Music et Directeur artistique du Festival Timitar des Musiques du Monde, le secteur culturel doit \u00eatre mis en valeur. Il constitue, selon lui, un levier fondamental pour la promotion d\u2019une \u00e9conomie soutenue et durable dans une dynamique constructive.<\/strong><\/p>\n<p><span style=\"color: #ff0000;\"><strong>1- La crise sanitaire a port\u00e9 un coup dur au secteur de l\u2019industrie culturelle. Quelles sont vos propositions pour aider le secteur \u00e0 s\u2019adapter \u00e0 cette nouvelle situation ?<\/strong><\/span><\/p>\n<p><strong>La culture joue un r\u00f4le essentiel dans le d\u00e9veloppement humain et constitue un levier d\u2019int\u00e9gration sociale. En ces temps de crise, la culture ne doit pas passer \u00e0 la trappe mais doit \u00eatre une composante essentielle du d\u00e9veloppement \u00e9conomique et social dans notre pays.<\/strong><\/p>\n<p><strong>Certes, les acteurs culturels et les artistes devront s\u2019adapter aux nouvelles r\u00e9alit\u00e9s et accepter de se produire diff\u00e9remment, dans d\u2019autres lieux adapt\u00e9s et devant un public limit\u00e9. Les artistes ont toute la capacit\u00e9 pour s\u2019adapter \u00e0 ces nouvelles r\u00e9alit\u00e9s, quelle que soit leur nature ou leur capacit\u00e9 (petites salles, caf\u00e9s litt\u00e9raires, \u00e9coles\u2026), avec des formats plus adapt\u00e9s.<\/strong><\/p>\n<p><strong>Nous souhaitons que les pouvoirs publics et les grandes entreprises, ayant des capacit\u00e9s financi\u00e8res, investissent dans ce secteur en accompagnant les entreprises culturelles et les artistes \u00e0 travers des bourses de cr\u00e9ation ou des subventions. Cela permettrait l\u2019organisation d\u2019activit\u00e9s dans l\u2019espace public avec l\u2019invention de nouveaux lieux de spectacles comme les \u00e9tablissements scolaires, les jardins publics, les h\u00f4pitaux, ou encore les \u00e9tablissements p\u00e9nitentiaires.<\/strong><\/p>\n<p><span style=\"color: #ff0000;\"><strong>2- Les professionnels ont tir\u00e9 la sonnette d\u2019alarme quant \u00e0 la situation de l\u2019industrie culturelle au Maroc, d\u2019apr\u00e8s vous comment peut-on se r\u00e9inventer face \u00e0 cette crise qui persiste ?<\/strong><\/span><\/p>\n<p><strong>Cette pand\u00e9mie a mis \u00e0 genoux beaucoup de secteurs, y compris celui de la culture. C\u2019est une crise in\u00e9dite qui a non seulement impact\u00e9 notre r\u00e9gion, mais le monde entier. Le d\u00e9-confinement se fait d\u2019une mani\u00e8re progressive mais lente. Nous \u00e9mergeons d\u2019un long confinement avec peu d\u2019opportunit\u00e9s pour les artistes et les acteurs culturels.<\/strong><\/p>\n<p><strong>Des secteurs, comme le tourisme et le transport, ont pu b\u00e9n\u00e9ficier d\u2019appui et de programmes pour leur relance dans la phase post Covid-19. Pour re-dynamiser et redonner une nouvelle image \u00e0 l\u2019espace collectif, il faut \u00e9galement donner \u00e0 la culture des places autres que celle d\u2019Internet et celui de l\u2019univers digital. Cela permettrait le d\u00e9veloppement et la cr\u00e9ation de valeurs et richesses notamment pour les artistes et les cr\u00e9ateurs, sans oublier les lieux et les espaces qui accueillent la production culturelle et artistique, tout en pensant \u00e0 de nouvelles mani\u00e8res d\u2019investir l\u2019activit\u00e9 artistique et culturelle.<\/strong><\/p>\n<p><span style=\"color: #ff0000;\"><strong>3- Ces derniers mois, nous assistons \u00e0 de nouvelles tendances en mati\u00e8re d\u2019organisation de festivals et rendez-vous culturels (cin\u00e9ma plein air, festivals 100% en ligne,\u2026), quelles en sont les limites en termes d\u2019interactivit\u00e9 artiste\/public?<\/strong><\/span><\/p>\n<p><strong>Les artistes et les professionnels du secteur culturel ont fait preuve de cr\u00e9ativit\u00e9 et d\u2019adaptation en cr\u00e9ant des formats d\u2019activit\u00e9s culturelles et artistiques qui maintiennent une dynamique cr\u00e9atrice d\u2019une valeur, aussi minime qu\u2019elle soit. Malheureusement, le spectacle vivant souffre d\u00e9j\u00e0 de fragilit\u00e9 structurelle et on ne peut pas limiter son r\u00f4le dans ce changement vers le num\u00e9rique.<\/strong><\/p>\n<p><strong>Les artistes et les professionnels du spectacle vivant ont beaucoup investi pour construire une industrie cr\u00e9ative, et il s\u2019av\u00e8re actuellement primordial d\u2019alimenter la r\u00e9flexion sur la meilleure fa\u00e7on de soutenir les artistes et les institutions culturelles. Le secteur culturel doit \u00eatre mis en valeur, il constitue un levier fondamental pour la promotion d\u2019une \u00e9conomie soutenue et durable dans une dynamique constructive.<\/strong><\/p>\n<p><strong>C\u2019est vrai que le num\u00e9rique a rendu le spectacle accessible pendant le confinement et a permis aux artistes de se r\u00e9inventer. Mais malgr\u00e9 son aspect technologique, le digital change le processus de la cr\u00e9ation artistique de la production \u00e0 la diffusion, en modifiant \u00e9galement le rapport de l\u2019artiste avec son public.<\/strong><\/p>\n<p><strong>Cette crise nous confirme que le num\u00e9rique ne pourra jamais remplacer l\u2019\u00e9motion du live et la rencontre directe entre un artiste et ses spectateurs. C\u2019est un outil \u00e0 d\u00e9velopper, \u00e0 ma\u00eetriser et \u00e0 int\u00e9grer dans les strat\u00e9gies de communication, comme compl\u00e9ment au spectacle vivant.<\/strong><\/p>\n<p><span style=\"color: #ff0000;\"><strong>4- Quelles dates retenir pour le Visa For Music, le salon des musiques d\u2019Afrique et du Moyen-Orient organis\u00e9 chaque ann\u00e9e en novembre \u00e0 Rabat? Quel est votre agenda pour les mois \u00e0 venir ?<\/strong><\/span><\/p>\n<p><strong>Visa For Music est un rendez-vous tr\u00e8s attendu, nous y mettons toute notre \u00e9nergie pour pouvoir maintenir notre engagement et organiser une \u00e9dition d\u00e9-confin\u00e9e du 18 au 21 novembre 2020, une \u00e9dition symbolique pour tenter de panser cette crise et repenser ensemble l\u2019avenir de notre secteur.<\/strong><\/p>\n<p><strong>Nous pr\u00e9parons \u00e9galement, la sortie imminente de l\u2019Anthologie des Rrways, un projet qui a r\u00e9uni une centaine d\u2019artistes de cette belle expression musicale amazighe.<\/strong><\/p>\n<p><strong>Nous attendons avec impatience la fin de cette crise pour retrouver nos espaces culturels habituels, ainsi que nos festivals, et notamment le festival Timitar pr\u00e9vu chaque ann\u00e9e la premi\u00e8re semaine de juillet.<\/strong><\/p>\n","protected":false},"excerpt":{"rendered":"<p>Casablanca \u2013 le12 La pand\u00e9mie de Covid-19 a mis en exergue l\u2019importance de la culture en tant que mode sublime d\u2019expression de l\u2019humanit\u00e9, mais aussi comme vecteur incontournable du d\u00e9veloppement \u00e9conomique et social. Le secteur culturel et cr\u00e9atif se doit encore de faire montre de r\u00e9silience, en donnant de nouvelles dimensions \u00e0 la fa\u00e7on d\u2019investir [&hellip;]<\/p>\n","protected":false},"author":4,"featured_media":5660,"comment_status":"open","ping_status":"open","sticky":false,"template":"","format":"standard","meta":[],"categories":[26,31],"tags":[],"yst_prominent_words":[81],"jetpack_featured_media_url":"https:\/\/le12.ma\/fr\/wp-content\/uploads\/2020\/10\/51778-52420180516115100510.jpg","_links":{"self":[{"href":"https:\/\/le12.ma\/fr\/wp-json\/wp\/v2\/posts\/5659"}],"collection":[{"href":"https:\/\/le12.ma\/fr\/wp-json\/wp\/v2\/posts"}],"about":[{"href":"https:\/\/le12.ma\/fr\/wp-json\/wp\/v2\/types\/post"}],"author":[{"embeddable":true,"href":"https:\/\/le12.ma\/fr\/wp-json\/wp\/v2\/users\/4"}],"replies":[{"embeddable":true,"href":"https:\/\/le12.ma\/fr\/wp-json\/wp\/v2\/comments?post=5659"}],"version-history":[{"count":1,"href":"https:\/\/le12.ma\/fr\/wp-json\/wp\/v2\/posts\/5659\/revisions"}],"predecessor-version":[{"id":5661,"href":"https:\/\/le12.ma\/fr\/wp-json\/wp\/v2\/posts\/5659\/revisions\/5661"}],"wp:featuredmedia":[{"embeddable":true,"href":"https:\/\/le12.ma\/fr\/wp-json\/wp\/v2\/media\/5660"}],"wp:attachment":[{"href":"https:\/\/le12.ma\/fr\/wp-json\/wp\/v2\/media?parent=5659"}],"wp:term":[{"taxonomy":"category","embeddable":true,"href":"https:\/\/le12.ma\/fr\/wp-json\/wp\/v2\/categories?post=5659"},{"taxonomy":"post_tag","embeddable":true,"href":"https:\/\/le12.ma\/fr\/wp-json\/wp\/v2\/tags?post=5659"},{"taxonomy":"yst_prominent_words","embeddable":true,"href":"https:\/\/le12.ma\/fr\/wp-json\/wp\/v2\/yst_prominent_words?post=5659"}],"curies":[{"name":"wp","href":"https:\/\/api.w.org\/{rel}","templated":true}]}}