{"id":5634,"date":"2020-10-14T11:05:46","date_gmt":"2020-10-14T10:05:46","guid":{"rendered":"https:\/\/le12.ma\/fr\/?p=5634"},"modified":"2020-10-14T11:05:46","modified_gmt":"2020-10-14T10:05:46","slug":"la-fondation-sale-pour-la-culture-et-les-arts-lance-un-concours-pour-ledition-de-quatre-livres","status":"publish","type":"post","link":"https:\/\/le12.ma\/fr\/la-fondation-sale-pour-la-culture-et-les-arts-lance-un-concours-pour-ledition-de-quatre-livres\/","title":{"rendered":"La Fondation Sal\u00e9 pour la culture et les arts lance un concours pour l\u2019\u00e9dition de quatre livres"},"content":{"rendered":"<p><span style=\"color: #ff0000;\"><strong>Rabat \u2013 le12<\/strong><\/span><\/p>\n<p><strong>La Fondation Sal\u00e9 pour la culture et les arts a annonc\u00e9 le lancement d\u2019un concours pour l\u2019\u00e9dition de quatre livres, dans la limite du budget allou\u00e9, et ce dans le cadre de sa contribution \u00e0 la promotion de la production intellectuelle, et \u00e0 l\u2019enrichissement de la biblioth\u00e8que marocaine, en particulier la collection de la ville de Sal\u00e9.<\/strong><\/p>\n<p><strong>Ce concours sera encadr\u00e9 par les dispositions du cahier des charges publi\u00e9 sur le site-web de la fondation (www.salaculture.ma), notamment les dispositions relatives \u00e0 l\u2019ouverture des concours r\u00e9serv\u00e9s aux auteurs marocains pour des projets de livres in\u00e9dits dans les deux langues officielles, en plus du fran\u00e7ais, de l\u2019anglais et de l\u2019espagnol et dont le nombre de pages est compris entre 120 et 280, a indiqu\u00e9 la Fondation dans un communiqu\u00e9, ajoutant que ces livres doivent aborder une des th\u00e9matiques en lien avec la question de la culture et des arts, des politiques culturelles, ou de la ville de Sal\u00e9.<\/strong><\/p>\n","protected":false},"excerpt":{"rendered":"<p>Rabat \u2013 le12 La Fondation Sal\u00e9 pour la culture et les arts a annonc\u00e9 le lancement d\u2019un concours pour l\u2019\u00e9dition de quatre livres, dans la limite du budget allou\u00e9, et ce dans le cadre de sa contribution \u00e0 la promotion de la production intellectuelle, et \u00e0 l\u2019enrichissement de la biblioth\u00e8que marocaine, en particulier la collection [&hellip;]<\/p>\n","protected":false},"author":4,"featured_media":5635,"comment_status":"open","ping_status":"open","sticky":false,"template":"","format":"standard","meta":[],"categories":[26,31],"tags":[],"yst_prominent_words":[252,1555,583,2761,841,4654,402],"jetpack_featured_media_url":"https:\/\/le12.ma\/fr\/wp-content\/uploads\/2020\/10\/dvk5yt59khkwocck4s-1024x678-1.jpg","_links":{"self":[{"href":"https:\/\/le12.ma\/fr\/wp-json\/wp\/v2\/posts\/5634"}],"collection":[{"href":"https:\/\/le12.ma\/fr\/wp-json\/wp\/v2\/posts"}],"about":[{"href":"https:\/\/le12.ma\/fr\/wp-json\/wp\/v2\/types\/post"}],"author":[{"embeddable":true,"href":"https:\/\/le12.ma\/fr\/wp-json\/wp\/v2\/users\/4"}],"replies":[{"embeddable":true,"href":"https:\/\/le12.ma\/fr\/wp-json\/wp\/v2\/comments?post=5634"}],"version-history":[{"count":1,"href":"https:\/\/le12.ma\/fr\/wp-json\/wp\/v2\/posts\/5634\/revisions"}],"predecessor-version":[{"id":5636,"href":"https:\/\/le12.ma\/fr\/wp-json\/wp\/v2\/posts\/5634\/revisions\/5636"}],"wp:featuredmedia":[{"embeddable":true,"href":"https:\/\/le12.ma\/fr\/wp-json\/wp\/v2\/media\/5635"}],"wp:attachment":[{"href":"https:\/\/le12.ma\/fr\/wp-json\/wp\/v2\/media?parent=5634"}],"wp:term":[{"taxonomy":"category","embeddable":true,"href":"https:\/\/le12.ma\/fr\/wp-json\/wp\/v2\/categories?post=5634"},{"taxonomy":"post_tag","embeddable":true,"href":"https:\/\/le12.ma\/fr\/wp-json\/wp\/v2\/tags?post=5634"},{"taxonomy":"yst_prominent_words","embeddable":true,"href":"https:\/\/le12.ma\/fr\/wp-json\/wp\/v2\/yst_prominent_words?post=5634"}],"curies":[{"name":"wp","href":"https:\/\/api.w.org\/{rel}","templated":true}]}}