{"id":5558,"date":"2020-10-13T10:02:45","date_gmt":"2020-10-13T09:02:45","guid":{"rendered":"https:\/\/le12.ma\/fr\/?p=5558"},"modified":"2020-10-13T10:02:45","modified_gmt":"2020-10-13T09:02:45","slug":"el-kelaa-des-sraghna-cloture-de-la-5eme-edition-en-format-virtuel-du-festival-des-arts-populaires","status":"publish","type":"post","link":"https:\/\/le12.ma\/fr\/el-kelaa-des-sraghna-cloture-de-la-5eme-edition-en-format-virtuel-du-festival-des-arts-populaires\/","title":{"rendered":"El Kela\u00e2 des Sraghna : Cl\u00f4ture de la 5\u00e8me \u00e9dition en format virtuel du Festival des arts populaires"},"content":{"rendered":"<p><span style=\"color: #ff0000;\"><strong>El Kela\u00e2 des Sraghna \u2013 le12<\/strong><\/span><\/p>\n<p><strong>La 5\u00e8me \u00e9dition du Festival d\u2019El Kela\u00e2 des Sraghna des arts populaires, organis\u00e9e cette ann\u00e9e en \u201cformat virtuel\u201d a pris fin lundi, avec la pr\u00e9sentation de spectacles musicaux traduisant l\u2019authenticit\u00e9 de ces arts au niveau de la province.<\/strong><\/p>\n","protected":false},"excerpt":{"rendered":"<p>El Kela\u00e2 des Sraghna \u2013 le12 La 5\u00e8me \u00e9dition du Festival d\u2019El Kela\u00e2 des Sraghna des arts populaires, organis\u00e9e cette ann\u00e9e en \u201cformat virtuel\u201d a pris fin lundi, avec la pr\u00e9sentation de spectacles musicaux traduisant l\u2019authenticit\u00e9 de ces arts au niveau de la province.<\/p>\n","protected":false},"author":4,"featured_media":5559,"comment_status":"open","ping_status":"open","sticky":false,"template":"","format":"standard","meta":[],"categories":[26,31],"tags":[],"yst_prominent_words":[252,1233],"jetpack_featured_media_url":"https:\/\/le12.ma\/fr\/wp-content\/uploads\/2020\/10\/20201013_100138.jpg","_links":{"self":[{"href":"https:\/\/le12.ma\/fr\/wp-json\/wp\/v2\/posts\/5558"}],"collection":[{"href":"https:\/\/le12.ma\/fr\/wp-json\/wp\/v2\/posts"}],"about":[{"href":"https:\/\/le12.ma\/fr\/wp-json\/wp\/v2\/types\/post"}],"author":[{"embeddable":true,"href":"https:\/\/le12.ma\/fr\/wp-json\/wp\/v2\/users\/4"}],"replies":[{"embeddable":true,"href":"https:\/\/le12.ma\/fr\/wp-json\/wp\/v2\/comments?post=5558"}],"version-history":[{"count":1,"href":"https:\/\/le12.ma\/fr\/wp-json\/wp\/v2\/posts\/5558\/revisions"}],"predecessor-version":[{"id":5560,"href":"https:\/\/le12.ma\/fr\/wp-json\/wp\/v2\/posts\/5558\/revisions\/5560"}],"wp:featuredmedia":[{"embeddable":true,"href":"https:\/\/le12.ma\/fr\/wp-json\/wp\/v2\/media\/5559"}],"wp:attachment":[{"href":"https:\/\/le12.ma\/fr\/wp-json\/wp\/v2\/media?parent=5558"}],"wp:term":[{"taxonomy":"category","embeddable":true,"href":"https:\/\/le12.ma\/fr\/wp-json\/wp\/v2\/categories?post=5558"},{"taxonomy":"post_tag","embeddable":true,"href":"https:\/\/le12.ma\/fr\/wp-json\/wp\/v2\/tags?post=5558"},{"taxonomy":"yst_prominent_words","embeddable":true,"href":"https:\/\/le12.ma\/fr\/wp-json\/wp\/v2\/yst_prominent_words?post=5558"}],"curies":[{"name":"wp","href":"https:\/\/api.w.org\/{rel}","templated":true}]}}