{"id":546,"date":"2020-08-02T10:20:24","date_gmt":"2020-08-02T09:20:24","guid":{"rendered":"https:\/\/le12.ma\/fr\/?p=546"},"modified":"2020-08-02T10:20:24","modified_gmt":"2020-08-02T09:20:24","slug":"tanger-ouverture-dune-enquete-sur-les-circonstances-du-deces-dun-migrant-subsaharien","status":"publish","type":"post","link":"https:\/\/le12.ma\/fr\/tanger-ouverture-dune-enquete-sur-les-circonstances-du-deces-dun-migrant-subsaharien\/","title":{"rendered":"Tanger: ouverture d\u2019une enqu\u00eate sur les circonstances du d\u00e9c\u00e8s d\u2019un migrant subsaharien"},"content":{"rendered":"<p><b>Tanger \u2013 le12.ma<\/b><\/p>\n<p><b>Les autorit\u00e9s locales de la wilaya de la R\u00e9gion de Tanger-T\u00e9touan-Al Hoceima ont affirm\u00e9 que lors de leur intervention suite \u00e0 une alerte vendredi \u00e0 la d\u00e9claration d\u2019un incendie au parc de Donabo relevant de la comp\u00e9tence territoriale de la circonscription urbaine de Tanger, un ensemble de migrants subsahariens ont \u00e9t\u00e9 rep\u00e9r\u00e9s, dont l\u2019un \u00e9tait inconscient, pr\u00e9cisant que ce dernier avait \u00e9t\u00e9 transf\u00e9r\u00e9 \u00e0 l\u2019h\u00f4pital r\u00e9gional Mohammed V et que le m\u00e9decin de garde avait confirm\u00e9 son d\u00e9c\u00e8s.<\/b><\/p>\n<p><b>Une enqu\u00eate a \u00e9t\u00e9 ouverte par les autorit\u00e9s comp\u00e9tentes sous la supervision du parquet pour d\u00e9terminer les circonstances et les causes du d\u00e9c\u00e8s du migrant subsaharien, ajoute la m\u00eame source, notant qu\u2019il a \u00e9t\u00e9 proc\u00e9d\u00e9 \u00e0 l\u2019interpellation des personnes qui l\u2019accompagnaient.<\/b><\/p>\n<p><b>Au nombre de treize, ces personnes, qui tentaient de prendre la fuite, ont \u00e9t\u00e9 plac\u00e9es en garde \u00e0 vue, conclut la m\u00eame source.<\/b><\/p>\n","protected":false},"excerpt":{"rendered":"<p>Tanger \u2013 le12.ma Les autorit\u00e9s locales de la wilaya de la R\u00e9gion de Tanger-T\u00e9touan-Al Hoceima ont affirm\u00e9 que lors de leur intervention suite \u00e0 une alerte vendredi \u00e0 la d\u00e9claration d\u2019un incendie au parc de Donabo relevant de la comp\u00e9tence territoriale de la circonscription urbaine de Tanger, un ensemble de migrants subsahariens ont \u00e9t\u00e9 rep\u00e9r\u00e9s, [&hellip;]<\/p>\n","protected":false},"author":2,"featured_media":547,"comment_status":"open","ping_status":"open","sticky":false,"template":"","format":"standard","meta":[],"categories":[28,24],"tags":[],"yst_prominent_words":[1501,1222,1502,162,409],"jetpack_featured_media_url":"https:\/\/le12.ma\/fr\/wp-content\/uploads\/2020\/08\/AE2A8B84-7D21-4B36-A7A8-1CC89A68CCBF.jpeg","_links":{"self":[{"href":"https:\/\/le12.ma\/fr\/wp-json\/wp\/v2\/posts\/546"}],"collection":[{"href":"https:\/\/le12.ma\/fr\/wp-json\/wp\/v2\/posts"}],"about":[{"href":"https:\/\/le12.ma\/fr\/wp-json\/wp\/v2\/types\/post"}],"author":[{"embeddable":true,"href":"https:\/\/le12.ma\/fr\/wp-json\/wp\/v2\/users\/2"}],"replies":[{"embeddable":true,"href":"https:\/\/le12.ma\/fr\/wp-json\/wp\/v2\/comments?post=546"}],"version-history":[{"count":1,"href":"https:\/\/le12.ma\/fr\/wp-json\/wp\/v2\/posts\/546\/revisions"}],"predecessor-version":[{"id":548,"href":"https:\/\/le12.ma\/fr\/wp-json\/wp\/v2\/posts\/546\/revisions\/548"}],"wp:featuredmedia":[{"embeddable":true,"href":"https:\/\/le12.ma\/fr\/wp-json\/wp\/v2\/media\/547"}],"wp:attachment":[{"href":"https:\/\/le12.ma\/fr\/wp-json\/wp\/v2\/media?parent=546"}],"wp:term":[{"taxonomy":"category","embeddable":true,"href":"https:\/\/le12.ma\/fr\/wp-json\/wp\/v2\/categories?post=546"},{"taxonomy":"post_tag","embeddable":true,"href":"https:\/\/le12.ma\/fr\/wp-json\/wp\/v2\/tags?post=546"},{"taxonomy":"yst_prominent_words","embeddable":true,"href":"https:\/\/le12.ma\/fr\/wp-json\/wp\/v2\/yst_prominent_words?post=546"}],"curies":[{"name":"wp","href":"https:\/\/api.w.org\/{rel}","templated":true}]}}