{"id":5174,"date":"2020-10-07T19:22:27","date_gmt":"2020-10-07T18:22:27","guid":{"rendered":"https:\/\/le12.ma\/fr\/?p=5174"},"modified":"2020-10-07T19:22:27","modified_gmt":"2020-10-07T18:22:27","slug":"akharbach-la-transformation-numerique-des-usages-mediatiques-est-eminemment-une-transformation-culturelle-des-societes","status":"publish","type":"post","link":"https:\/\/le12.ma\/fr\/akharbach-la-transformation-numerique-des-usages-mediatiques-est-eminemment-une-transformation-culturelle-des-societes\/","title":{"rendered":"Akharbach, \u00ab La transformation num\u00e9rique des usages m\u00e9diatiques est \u00e9minemment une transformation culturelle des soci\u00e9t\u00e9s \u00bb"},"content":{"rendered":"<p class=\"p1\">\n<p class=\"p1\"><strong><span class=\"s1\"><span style=\"color: #ff0000;\">Rabat-le12.ma\/Fr<\/span><\/span><\/strong><\/p>\n<p class=\"p1\"><strong><span class=\"s1\">\u00ab\u00a0La transformation num\u00e9rique des usages m\u00e9diatiques est \u00e9minemment une transformation culturelle des soci\u00e9t\u00e9s\u00a0\u00bb a affirm\u00e9 Mme Latifa Akharbach, lors de son intervention mercredi 7 octobre au Forum International des R\u00e9gulateurs organis\u00e9 par visio-conf\u00e9rence par l&rsquo;International Institute of Communications bas\u00e9 \u00e0 Londres. <\/span><\/strong><\/p>\n<p class=\"p1\"><strong><span class=\"s1\">La pr\u00e9sidente de la HACA a \u00e0 cet \u00e9gard rappel\u00e9 que \u00ab\u00a0les millenials n\u2019appr\u00e9hendent pas et ne per\u00e7oivent d\u00e9j\u00e0 plus leur rapport au monde avec la m\u00eame focale que ceux n\u00e9s quand l\u2019information pour le grand public \u00e9tait v\u00e9hicul\u00e9e essentiellement par les mass m\u00e9dias.\u00a0\u00bb<\/span><\/strong><\/p>\n<p class=\"p1\"><strong><span class=\"s1\">Intervenant dans le cadre du panel\u00a0intitul\u00e9 \u00ab\u00a0R\u00e9pondre \u00e0 la transition num\u00e9rique en mati\u00e8re d&rsquo;acc\u00e8s au contenu et de r\u00e9glementation\u00a0\u00bb anim\u00e9 par Caroline Simard repr\u00e9sentant le r\u00e9gulateur canadien et auquel ont particip\u00e9 \u00e9galement les dirigeants des instances de r\u00e9gulation d&rsquo;Irlande et\u00a0de la Barbade, Latifa Akharbach a insist\u00e9 sur le fait que \u00ab\u00a0les questions de l\u2019identit\u00e9 nationale, des repr\u00e9sentations sociales, de la r\u00e9ception m\u00e9diatique par les diff\u00e9rents publics, de la citoyennet\u00e9 culturelle ont gagn\u00e9 en complexit\u00e9 du fait de cette transformation num\u00e9rique qui influence les individus et les soci\u00e9t\u00e9s et induit de ce fait des probl\u00e9matiques de nature \u00e9minemment politique\u00a0\u00bb.<\/span><\/strong><\/p>\n<p class=\"p1\"><strong><span class=\"s1\">Dans ce contexte, a-t-elle \u00e9galement affirm\u00e9 que \u00ab\u00a0une des questions qui devraient pr\u00e9occuper tous les responsables politiques est celle de savoir comment placer l\u2019inclusivit\u00e9, la diversit\u00e9, la proximit\u00e9 et l\u2019ouverture au c\u0153ur du mod\u00e8le d\u2019action publique culturelle \u00e0 l\u2019heure o\u00f9 les plateformes num\u00e9riques transfronti\u00e8res plus puissantes que tous les minist\u00e8res de la Culture du monde servent l\u2019h\u00e9g\u00e9monie culturelle et favorisent les comportements consum\u00e9ristes\u00bb.<\/span><\/strong><\/p>\n<p class=\"p1\"><strong><span class=\"s1\">Concernant les bonnes pratiques des r\u00e9gulateurs pour la promotion de l\u2019inclusivit\u00e9 et de l\u2019acc\u00e8s des citoyens aux offres de contenus m\u00e9diatiques aux niveaux local et r\u00e9gional, Mme Akharbach a rappel\u00e9 que la HACA a initi\u00e9 une mesure de discrimination positive de nature \u00e0 renforcer l\u2019\u00e9quit\u00e9 territoriale en termes de d\u00e9ploiement des services radiophoniques et t\u00e9l\u00e9visuels dans les r\u00e9gions \u00e9loign\u00e9es des grands centres urbains.<\/span><\/strong><\/p>\n<p class=\"p1\"><strong><span class=\"s1\"> Une r\u00e9duction substantielle du montant des redevances pour utilisation des fr\u00e9quences a ainsi \u00e9t\u00e9 consentie en faveur des op\u00e9rateurs qui \u00e9largiront la couverture de leurs services vers ces r\u00e9gions.<\/span><\/strong><\/p>\n<p class=\"p1\"><strong><span class=\"s1\">Les panelistes ont \u00e9galement abord\u00e9 la question des moyens\u00a0d&rsquo;action dont disposent\u00a0les r\u00e9gulateurs afin de\u00a0r\u00e9pondre \u00e0 l\u2019acc\u00e9l\u00e9ration de la transition num\u00e9rique tout en continuant \u00e0\u00a0promouvoir les\u00a0cultures\u00a0et les\u00a0identit\u00e9s nationales\u00a0et\u00a0\u00e0 garantir au public\u00a0une information accessible et\u00a0de qualit\u00e9. Les pan\u00e9listes se\u00a0sont \u00e9galement pench\u00e9es sur\u00a0la question de la pr\u00e9servation des march\u00e9s domestiques de la production m\u00e9diatique et\u00a0la promotion\u00a0des\u00a0contenus locaux.<\/span><\/strong><\/p>\n<p class=\"p1\"><strong><span class=\"s1\">\u00a0Co-organis\u00e9e en ligne du 7 au 9 octobre 2020, dans un format in\u00e9dit en coop\u00e9ration avec le\u00a0r\u00e9gulateur canadien\u00a0des communications,\u00a0le\u00a0Conseil de la Radiodiffusion et des T\u00e9l\u00e9communications Canadiennes , l\u2019\u00e9dition 2020\u00a0 de ce Forum r\u00e9put\u00e9 a propos\u00e9 plusieurs panels,\u00a0interventions d&rsquo;experts\u00a0et ateliers interactifs autour de nombreuses questions dont notamment le\u00a0r\u00f4le des r\u00e9gulateurs en mati\u00e8re d&rsquo;acc\u00e8s \u00e0 la technologie et \u00e0 l&rsquo;information,\u00a0en mati\u00e8re de\u00a0protection du\u00a0consommateur et de\u00a0soutien \u00e0\u00a0l&rsquo;industrie ainsi qu&rsquo;en mati\u00e8re\u00a0d&rsquo;acc\u00e8s et de\u00a0r\u00e9glementation des contenus \u00e0 l&rsquo;\u00e8re\u00a0num\u00e9rique.<\/span><\/strong><\/p>\n<p class=\"p1\"><strong><span class=\"s1\">Les travaux du Forum ont connu une forte participation des\u00a0r\u00e9gulateurs des m\u00e9dias\u00a0repr\u00e9sentant plusieurs pays dont notamment l&rsquo;Australie, les Etats-Unis,\u00a0le\u00a0Canada, le Royaume-Uni, le Maroc, l&rsquo;Afrique du Sud,\u00a0Singapour, Hong Kong, le\u00a0Mexique,\u00a0la Jama\u00efque, la Barbade et l&rsquo;Ouganda.<br \/>\n<\/span><span style=\"-webkit-text-size-adjust: 100%;\">Il est \u00e0 noter que la HACA est membre de l\u2019International Institute of Communications, un think-tank international\u00a0qui a \u00e9t\u00e9 cr\u00e9\u00e9 il y a un demi-si\u00e8cle et bas\u00e9 \u00e0 Londres. Il r\u00e9unit repr\u00e9sentants\u00a0gouvernementaux,\u00a0organes de r\u00e9gulation et acteurs de l\u2019audiovisuel et des t\u00e9l\u00e9communications issus de tr\u00e8s nombreux pays sur les cinq continents.<\/span><\/strong><\/p>\n<p class=\"p1\"><strong><span class=\"s1\">\u00a0<\/span><\/strong><\/p>\n<p class=\"p1\"><strong><span class=\"s1\">\u00a0<\/span><\/strong><\/p>\n","protected":false},"excerpt":{"rendered":"<p>Rabat-le12.ma\/Fr \u00ab\u00a0La transformation num\u00e9rique des usages m\u00e9diatiques est \u00e9minemment une transformation culturelle des soci\u00e9t\u00e9s\u00a0\u00bb a affirm\u00e9 Mme Latifa Akharbach, lors de son intervention mercredi 7 octobre au Forum International des R\u00e9gulateurs organis\u00e9 par visio-conf\u00e9rence par l&rsquo;International Institute of Communications bas\u00e9 \u00e0 Londres. La pr\u00e9sidente de la HACA a \u00e0 cet \u00e9gard rappel\u00e9 que \u00ab\u00a0les millenials [&hellip;]<\/p>\n","protected":false},"author":2,"featured_media":5175,"comment_status":"open","ping_status":"open","sticky":false,"template":"","format":"standard","meta":[],"categories":[26,31,30,24],"tags":[6547,6546],"yst_prominent_words":[261,1115],"jetpack_featured_media_url":"https:\/\/le12.ma\/fr\/wp-content\/uploads\/2020\/10\/8757C5E3-C1CD-457D-A25C-5524DED12CD2-scaled.jpeg","_links":{"self":[{"href":"https:\/\/le12.ma\/fr\/wp-json\/wp\/v2\/posts\/5174"}],"collection":[{"href":"https:\/\/le12.ma\/fr\/wp-json\/wp\/v2\/posts"}],"about":[{"href":"https:\/\/le12.ma\/fr\/wp-json\/wp\/v2\/types\/post"}],"author":[{"embeddable":true,"href":"https:\/\/le12.ma\/fr\/wp-json\/wp\/v2\/users\/2"}],"replies":[{"embeddable":true,"href":"https:\/\/le12.ma\/fr\/wp-json\/wp\/v2\/comments?post=5174"}],"version-history":[{"count":1,"href":"https:\/\/le12.ma\/fr\/wp-json\/wp\/v2\/posts\/5174\/revisions"}],"predecessor-version":[{"id":5176,"href":"https:\/\/le12.ma\/fr\/wp-json\/wp\/v2\/posts\/5174\/revisions\/5176"}],"wp:featuredmedia":[{"embeddable":true,"href":"https:\/\/le12.ma\/fr\/wp-json\/wp\/v2\/media\/5175"}],"wp:attachment":[{"href":"https:\/\/le12.ma\/fr\/wp-json\/wp\/v2\/media?parent=5174"}],"wp:term":[{"taxonomy":"category","embeddable":true,"href":"https:\/\/le12.ma\/fr\/wp-json\/wp\/v2\/categories?post=5174"},{"taxonomy":"post_tag","embeddable":true,"href":"https:\/\/le12.ma\/fr\/wp-json\/wp\/v2\/tags?post=5174"},{"taxonomy":"yst_prominent_words","embeddable":true,"href":"https:\/\/le12.ma\/fr\/wp-json\/wp\/v2\/yst_prominent_words?post=5174"}],"curies":[{"name":"wp","href":"https:\/\/api.w.org\/{rel}","templated":true}]}}