{"id":51433,"date":"2026-03-14T12:50:24","date_gmt":"2026-03-14T12:50:24","guid":{"rendered":"https:\/\/le12.ma\/fr\/?p=51433"},"modified":"2026-03-14T12:50:24","modified_gmt":"2026-03-14T12:50:24","slug":"suspension-provisoire-des-competitions-de-la-botola-pro-d2-inwi","status":"publish","type":"post","link":"https:\/\/le12.ma\/fr\/suspension-provisoire-des-competitions-de-la-botola-pro-d2-inwi\/","title":{"rendered":"Suspension provisoire des comp\u00e9titions de la Botola Pro D2 \u00ab\u00a0Inwi\u00a0\u00bb"},"content":{"rendered":"<h2><strong>La Ligue nationale de football professionnel (LNFP) a annonc\u00e9, vendredi, la suspension des comp\u00e9titions de la Botola Pro D2 \u00ab\u00a0Inwi\u00a0\u00bb les 21 et 22 mars.<\/strong><\/h2>\n<p><strong>Dans un communiqu\u00e9 publi\u00e9 sur ses r\u00e9seaux sociaux, la LNFP annonce \u00ab\u00a0la suspension provisoire des comp\u00e9titions de la Botola Pro D2 les 21 et 22 mars en raison de la p\u00e9riode de l\u2019A\u00efd Al-Fitr\u00a0\u00bb.<\/strong><\/p>\n<p><strong>Les comp\u00e9titions de la Botola Pro D2 reprendront les 28 et 29 mars, pr\u00e9cise la m\u00eame source.<\/strong><\/p>\n","protected":false},"excerpt":{"rendered":"<p>La Ligue nationale de football professionnel (LNFP) a annonc\u00e9, vendredi, la suspension des comp\u00e9titions de la Botola Pro D2 \u00ab\u00a0Inwi\u00a0\u00bb les 21 et 22 mars. Dans un communiqu\u00e9 publi\u00e9 sur ses r\u00e9seaux sociaux, la LNFP annonce \u00ab\u00a0la suspension provisoire des comp\u00e9titions de la Botola Pro D2 les 21 et 22 mars en raison de la [&hellip;]<\/p>\n","protected":false},"author":2,"featured_media":51434,"comment_status":"open","ping_status":"open","sticky":false,"template":"","format":"standard","meta":[],"categories":[26,54,27],"tags":[9847,16926,9907],"yst_prominent_words":[3181,5291,2088,1340,1335,4943,5397,2089,1341,527],"jetpack_featured_media_url":"https:\/\/le12.ma\/fr\/wp-content\/uploads\/2026\/03\/vis_0313202620312138.jpg","_links":{"self":[{"href":"https:\/\/le12.ma\/fr\/wp-json\/wp\/v2\/posts\/51433"}],"collection":[{"href":"https:\/\/le12.ma\/fr\/wp-json\/wp\/v2\/posts"}],"about":[{"href":"https:\/\/le12.ma\/fr\/wp-json\/wp\/v2\/types\/post"}],"author":[{"embeddable":true,"href":"https:\/\/le12.ma\/fr\/wp-json\/wp\/v2\/users\/2"}],"replies":[{"embeddable":true,"href":"https:\/\/le12.ma\/fr\/wp-json\/wp\/v2\/comments?post=51433"}],"version-history":[{"count":1,"href":"https:\/\/le12.ma\/fr\/wp-json\/wp\/v2\/posts\/51433\/revisions"}],"predecessor-version":[{"id":51435,"href":"https:\/\/le12.ma\/fr\/wp-json\/wp\/v2\/posts\/51433\/revisions\/51435"}],"wp:featuredmedia":[{"embeddable":true,"href":"https:\/\/le12.ma\/fr\/wp-json\/wp\/v2\/media\/51434"}],"wp:attachment":[{"href":"https:\/\/le12.ma\/fr\/wp-json\/wp\/v2\/media?parent=51433"}],"wp:term":[{"taxonomy":"category","embeddable":true,"href":"https:\/\/le12.ma\/fr\/wp-json\/wp\/v2\/categories?post=51433"},{"taxonomy":"post_tag","embeddable":true,"href":"https:\/\/le12.ma\/fr\/wp-json\/wp\/v2\/tags?post=51433"},{"taxonomy":"yst_prominent_words","embeddable":true,"href":"https:\/\/le12.ma\/fr\/wp-json\/wp\/v2\/yst_prominent_words?post=51433"}],"curies":[{"name":"wp","href":"https:\/\/api.w.org\/{rel}","templated":true}]}}