{"id":51429,"date":"2026-03-14T11:44:51","date_gmt":"2026-03-14T11:44:51","guid":{"rendered":"https:\/\/le12.ma\/fr\/?p=51429"},"modified":"2026-03-14T12:47:57","modified_gmt":"2026-03-14T12:47:57","slug":"u23-u20-u18-la-dtn-devoile-le-programme-de-preparation-des-selections-nationales-des-jeunes","status":"publish","type":"post","link":"https:\/\/le12.ma\/fr\/u23-u20-u18-la-dtn-devoile-le-programme-de-preparation-des-selections-nationales-des-jeunes\/","title":{"rendered":"U23, U20, U18\u2026 La DTN d\u00e9voile le programme de pr\u00e9paration des s\u00e9lections nationales des jeunes"},"content":{"rendered":"<h2><strong>La Direction Technique Nationale (DTN) de la F\u00e9d\u00e9ration Royale Marocaine de Football (FRMF) a d\u00e9voil\u00e9, vendredi, le programme des matchs et stages de pr\u00e9paration des s\u00e9lections nationales des jeunes, pr\u00e9vus durant la p\u00e9riode de la tr\u00eave internationale du 23 au 31 mars courant.<\/strong><\/h2>\n<p><strong>Ces activit\u00e9s s\u2019inscrivent dans le cadre du suivi r\u00e9gulier des talents et de la pr\u00e9paration des diff\u00e9rentes s\u00e9lections aux \u00e9ch\u00e9ances continentales et internationales, indique la DTN dans un communiqu\u00e9 publi\u00e9 sur le site internet de la FRMF.<\/strong><\/p>\n<p><strong>&#8211; Ci-apr\u00e8s le programme des matchs et stages de pr\u00e9paration :<\/strong><\/p>\n<p><strong>1. S\u00e9lection nationale U23:<\/strong><\/p>\n<p><strong>\u2013 Jeudi 26 mars : Maroc \u2013 Arabie Saoudite<\/strong><\/p>\n<p><strong>\u2013 Mardi 31 mars : Maroc \u2013 C\u00f4te d\u2019Ivoire<\/strong><\/p>\n<p><strong>Lieu : Complexe Mohammed VI de Football<\/strong><\/p>\n<p><strong>2. S\u00e9lection nationale U20:<\/strong><\/p>\n<p><strong>Deux matchs de pr\u00e9paration face \u00e0 :<\/strong><\/p>\n<p><strong>\u2013 l\u2019\u00e9quipe premi\u00e8re de l\u2019Union Touarga<\/strong><\/p>\n<p><strong>\u2013 l\u2019\u00e9quipe premi\u00e8re du CODM Mekn\u00e8s<\/strong><\/p>\n<p><strong>Lieu : Complexe Mohammed VI de Football<\/strong><\/p>\n<p><strong>3. S\u00e9lection nationale U18:<\/strong><\/p>\n<p><strong>\u2013 Mercredi 25 mars : Maroc \u2013 Portugal<\/strong><\/p>\n<p><strong>\u2013 Samedi 28 mars : Maroc \u2013 \u00c9tats\u2011Unis<\/strong><\/p>\n<p><strong>\u2013 Mardi 31 mars : Maroc \u2013 Islande<\/strong><\/p>\n<p><strong>Lieu : Portugal<\/strong><\/p>\n<p><strong>4. S\u00e9lection nationale U17:<\/strong><\/p>\n<p><strong>\u2013 Mardi 17 mars : Maroc \u2013 Ouzb\u00e9kistan<\/strong><\/p>\n<p><strong>\u2013 Jeudi 19 mars : Maroc \u2013 Ouzb\u00e9kistan<\/strong><\/p>\n<p><strong>Lieu : Complexe Mohammed VI de Football<\/strong><\/p>\n<p><strong>* Tournoi de l\u2019Union Nord\u2011Africaine \u2013 \u00c9liminatoires de la CAN U17<\/strong><\/p>\n<p><strong>\u2013 Du 24 mars au 5 avril 2026<\/strong><\/p>\n<p><strong>Lieu : Libye<\/strong><\/p>\n<p><strong>5. S\u00e9lection nationale U16:<\/strong><\/p>\n<p><strong>\u2013 Mercredi 25 mars : Maroc \u2013 Norv\u00e8ge<\/strong><\/p>\n<p><strong>\u2013 Samedi 28 mars : Maroc \u2013 Turquie<\/strong><\/p>\n<p><strong>\u2013 Lundi 30 mars : Maroc \u2013 Ukraine<\/strong><\/p>\n<p><strong>Lieu : Turquie<\/strong><\/p>\n<p><strong>6. S\u00e9lection nationale U15:<\/strong><\/p>\n<p><strong>La s\u00e9lection nationale U15 participera au Championnat d\u2019Afrique Scolaire U15, une comp\u00e9tition organis\u00e9e hors dates FIFA, qui se d\u00e9roulera du 2 au 10 avril prochain au Mozambique.<\/strong><\/p>\n","protected":false},"excerpt":{"rendered":"<p>La Direction Technique Nationale (DTN) de la F\u00e9d\u00e9ration Royale Marocaine de Football (FRMF) a d\u00e9voil\u00e9, vendredi, le programme des matchs et stages de pr\u00e9paration des s\u00e9lections nationales des jeunes, pr\u00e9vus durant la p\u00e9riode de la tr\u00eave internationale du 23 au 31 mars courant. Ces activit\u00e9s s\u2019inscrivent dans le cadre du suivi r\u00e9gulier des talents et [&hellip;]<\/p>\n","protected":false},"author":2,"featured_media":51431,"comment_status":"open","ping_status":"open","sticky":false,"template":"","format":"standard","meta":[],"categories":[26,54,27],"tags":[16924,5628,16925],"yst_prominent_words":[],"jetpack_featured_media_url":"https:\/\/le12.ma\/fr\/wp-content\/uploads\/2026\/03\/vis_0314202600233953.jpg","_links":{"self":[{"href":"https:\/\/le12.ma\/fr\/wp-json\/wp\/v2\/posts\/51429"}],"collection":[{"href":"https:\/\/le12.ma\/fr\/wp-json\/wp\/v2\/posts"}],"about":[{"href":"https:\/\/le12.ma\/fr\/wp-json\/wp\/v2\/types\/post"}],"author":[{"embeddable":true,"href":"https:\/\/le12.ma\/fr\/wp-json\/wp\/v2\/users\/2"}],"replies":[{"embeddable":true,"href":"https:\/\/le12.ma\/fr\/wp-json\/wp\/v2\/comments?post=51429"}],"version-history":[{"count":1,"href":"https:\/\/le12.ma\/fr\/wp-json\/wp\/v2\/posts\/51429\/revisions"}],"predecessor-version":[{"id":51432,"href":"https:\/\/le12.ma\/fr\/wp-json\/wp\/v2\/posts\/51429\/revisions\/51432"}],"wp:featuredmedia":[{"embeddable":true,"href":"https:\/\/le12.ma\/fr\/wp-json\/wp\/v2\/media\/51431"}],"wp:attachment":[{"href":"https:\/\/le12.ma\/fr\/wp-json\/wp\/v2\/media?parent=51429"}],"wp:term":[{"taxonomy":"category","embeddable":true,"href":"https:\/\/le12.ma\/fr\/wp-json\/wp\/v2\/categories?post=51429"},{"taxonomy":"post_tag","embeddable":true,"href":"https:\/\/le12.ma\/fr\/wp-json\/wp\/v2\/tags?post=51429"},{"taxonomy":"yst_prominent_words","embeddable":true,"href":"https:\/\/le12.ma\/fr\/wp-json\/wp\/v2\/yst_prominent_words?post=51429"}],"curies":[{"name":"wp","href":"https:\/\/api.w.org\/{rel}","templated":true}]}}