{"id":51368,"date":"2026-03-10T12:47:53","date_gmt":"2026-03-10T12:47:53","guid":{"rendered":"https:\/\/le12.ma\/fr\/?p=51368"},"modified":"2026-03-10T14:48:25","modified_gmt":"2026-03-10T14:48:25","slug":"paris-akhannouch-represente-sm-le-roi-au-deuxieme-sommet-international-sur-lenergie-nucleaire","status":"publish","type":"post","link":"https:\/\/le12.ma\/fr\/paris-akhannouch-represente-sm-le-roi-au-deuxieme-sommet-international-sur-lenergie-nucleaire\/","title":{"rendered":"Akhannouch repr\u00e9sente SM le Roi au deuxi\u00e8me Sommet international sur l\u2019\u00e9nergie nucl\u00e9aire"},"content":{"rendered":"<h2><strong>Les travaux du deuxi\u00e8me Sommet international sur l\u2019\u00e9nergie nucl\u00e9aire organis\u00e9 \u00e0 l\u2019initiative du pr\u00e9sident fran\u00e7ais, Emmanuel Macron, en partenariat avec l\u2019Agence internationale de l\u2019Energie atomique (AIEA) ont d\u00e9but\u00e9, mardi \u00e0 Paris, avec la participation du Chef du gouvernement, Aziz Akhannouch qui repr\u00e9sente Sa Majest\u00e9 le Roi Mohammed VI.<\/strong><\/h2>\n<p><strong>La d\u00e9l\u00e9gation marocaine \u00e0 ce sommet comprend notamment, le ministre des Affaires \u00e9trang\u00e8res, de la Coop\u00e9ration africaine et des Marocains r\u00e9sidant \u00e0 l\u2019\u00e9tranger, Nasser Bourita, le Directeur g\u00e9n\u00e9ral de l\u2019Agence Marocaine de S\u00fbret\u00e9 et de S\u00e9curit\u00e9 Nucl\u00e9aires et Radiologiques (AMSSNuR), Sa\u00efd Mouline et l\u2019ambassadeure de Sa Majest\u00e9 le Roi \u00e0 Paris, Samira Sitail.<\/strong><\/p>\n<p><strong>Cette rencontre de haut niveau, organis\u00e9e apr\u00e8s une premi\u00e8re \u00e9dition tenue \u00e0 Bruxelles en mars 2024, r\u00e9unit chefs d\u2019\u00c9tat et de gouvernement, responsables d\u2019organisations internationales, institutions financi\u00e8res, industriels et experts afin d\u2019\u00e9changer sur le r\u00f4le du nucl\u00e9aire civil face aux d\u00e9fis \u00e9nerg\u00e9tiques et climatiques mondiaux.<\/strong><\/p>\n<p><strong>Organis\u00e9 dans un contexte marqu\u00e9 par la hausse des besoins en \u00e9lectricit\u00e9 et par l\u2019acc\u00e9l\u00e9ration des strat\u00e9gies de d\u00e9carbonation, ce sommet entend s\u2019imposer comme un cadre politique de r\u00e9f\u00e9rence pour le d\u00e9veloppement du nucl\u00e9aire civil, en compl\u00e9ment des enceintes techniques de l\u2019AIEA et en amont de plusieurs \u00e9ch\u00e9ances internationales pr\u00e9vues en 2026, dont la conf\u00e9rence d\u2019examen du Trait\u00e9 sur la non-prolif\u00e9ration des armes nucl\u00e9aires.<\/strong><\/p>\n<p><strong>Selon les organisateurs, le sommet est l\u2019occasion de r\u00e9affirmer le r\u00f4le du nucl\u00e9aire dans la s\u00e9curit\u00e9 \u00e9nerg\u00e9tique, la transition vers une \u00e9lectricit\u00e9 bas carbone et le d\u00e9veloppement industriel.<\/strong><\/p>\n<p><strong>Au-del\u00e0 des \u00e9changes politiques et techniques, le sommet vise \u00e0 favoriser l\u2019\u00e9mergence d\u2019initiatives concr\u00e8tes et de partenariats entre \u00c9tats, organisations internationales, institutions financi\u00e8res et acteurs industriels afin de promouvoir un d\u00e9veloppement du nucl\u00e9aire civil s\u00fbr, durable et compatible avec les objectifs climatiques mondiaux.<\/strong><\/p>\n","protected":false},"excerpt":{"rendered":"<p>Les travaux du deuxi\u00e8me Sommet international sur l\u2019\u00e9nergie nucl\u00e9aire organis\u00e9 \u00e0 l\u2019initiative du pr\u00e9sident fran\u00e7ais, Emmanuel Macron, en partenariat avec l\u2019Agence internationale de l\u2019Energie atomique (AIEA) ont d\u00e9but\u00e9, mardi \u00e0 Paris, avec la participation du Chef du gouvernement, Aziz Akhannouch qui repr\u00e9sente Sa Majest\u00e9 le Roi Mohammed VI. La d\u00e9l\u00e9gation marocaine \u00e0 ce sommet comprend [&hellip;]<\/p>\n","protected":false},"author":2,"featured_media":51369,"comment_status":"open","ping_status":"open","sticky":false,"template":"","format":"standard","meta":[],"categories":[26,22,54],"tags":[6840,16907,8292,621,16187],"yst_prominent_words":[694,395,3826,309,1521,354,4148,613,3681],"jetpack_featured_media_url":"https:\/\/le12.ma\/fr\/wp-content\/uploads\/2026\/03\/vis_0310202609563578.jpg","_links":{"self":[{"href":"https:\/\/le12.ma\/fr\/wp-json\/wp\/v2\/posts\/51368"}],"collection":[{"href":"https:\/\/le12.ma\/fr\/wp-json\/wp\/v2\/posts"}],"about":[{"href":"https:\/\/le12.ma\/fr\/wp-json\/wp\/v2\/types\/post"}],"author":[{"embeddable":true,"href":"https:\/\/le12.ma\/fr\/wp-json\/wp\/v2\/users\/2"}],"replies":[{"embeddable":true,"href":"https:\/\/le12.ma\/fr\/wp-json\/wp\/v2\/comments?post=51368"}],"version-history":[{"count":2,"href":"https:\/\/le12.ma\/fr\/wp-json\/wp\/v2\/posts\/51368\/revisions"}],"predecessor-version":[{"id":51371,"href":"https:\/\/le12.ma\/fr\/wp-json\/wp\/v2\/posts\/51368\/revisions\/51371"}],"wp:featuredmedia":[{"embeddable":true,"href":"https:\/\/le12.ma\/fr\/wp-json\/wp\/v2\/media\/51369"}],"wp:attachment":[{"href":"https:\/\/le12.ma\/fr\/wp-json\/wp\/v2\/media?parent=51368"}],"wp:term":[{"taxonomy":"category","embeddable":true,"href":"https:\/\/le12.ma\/fr\/wp-json\/wp\/v2\/categories?post=51368"},{"taxonomy":"post_tag","embeddable":true,"href":"https:\/\/le12.ma\/fr\/wp-json\/wp\/v2\/tags?post=51368"},{"taxonomy":"yst_prominent_words","embeddable":true,"href":"https:\/\/le12.ma\/fr\/wp-json\/wp\/v2\/yst_prominent_words?post=51368"}],"curies":[{"name":"wp","href":"https:\/\/api.w.org\/{rel}","templated":true}]}}