{"id":51340,"date":"2026-03-08T12:58:04","date_gmt":"2026-03-08T12:58:04","guid":{"rendered":"https:\/\/le12.ma\/fr\/?p=51340"},"modified":"2026-03-08T12:58:04","modified_gmt":"2026-03-08T12:58:04","slug":"kazakhstan-les-cles-de-decollage-dun-geant-eurasien-sous-le-regard-de-nasrallah-belkhayate","status":"publish","type":"post","link":"https:\/\/le12.ma\/fr\/kazakhstan-les-cles-de-decollage-dun-geant-eurasien-sous-le-regard-de-nasrallah-belkhayate\/","title":{"rendered":"Kazakhstan : Les cl\u00e9s de d\u00e9collage d\u2019un g\u00e9ant eurasien sous le regard de Nasrallah Belkhayate"},"content":{"rendered":"<h2><strong>Dans son \u00e9tude intitul\u00e9e \u00ab\u00a0Le nouveau Kazakhstan &#8211; La vision du Pr\u00e9sident Kassym Jomart Toka\u00efev : R\u00e9formes strat\u00e9giques et Projets d&rsquo;avenir\u00a0\u00bb r\u00e9cemment publi\u00e9e, M. Nasrallah Belkhayate nous livre une r\u00e9flexion essentielle, qui allie acuit\u00e9 analytique et profondeur historique, sur la trajectoire ascendante du plus grand pays d\u2019Asie centrale. <\/strong><\/h2>\n<p><strong>Un t\u00e9moignage aussi d\u2019estime et d\u2019amiti\u00e9 qui l\u00e8ve le voile sur le \u00ab\u00a0mod\u00e8le kazakh\u00a0\u00bb , entre h\u00e9ritage nomade et modernit\u00e9 fulgurante.<\/strong><br \/>\n<strong>Longtemps rest\u00e9 dans l\u2019ombre des grandes puissances mondiales, le Kazakhstan s\u2019impose aujourd\u2019hui comme un \u00a0\u00bb g\u00e9ant discret\u00a0\u00bb de la diplomatie. \u00c0 travers l\u2019analyse de cet observateur <\/strong><strong>averti, on d\u00e9couvre comment ce pays, situ\u00e9 au carrefour strat\u00e9gique de l\u2019Eurasie, est devenu, en seulement trois d\u00e9cennies, l\u2019un des acteurs majeurs et incontestables de sa r\u00e9gion.<\/strong><\/p>\n<p><strong>L\u2019\u00e9tude document\u00e9e restitue avec une pr\u00e9cision rare les d\u00e9bats consacr\u00e9s aux r\u00e9formes op\u00e9r\u00e9s ces derni\u00e8res ann\u00e9es par Astana. L\u2019auteur explore l\u2019\u00e9conomie politique du pays pour mieux nous \u00e9clairer sur ses d\u00e9fis qu&rsquo;il a relev\u00e9s : comment concilier un h\u00e9ritage ancestral avec les exigences d\u2019une modernit\u00e9 \u00e9conomique agressive ? La r\u00e9ponse, selon l&rsquo;auteur r\u00e9side dans une qu\u00eate perp\u00e9tuelle de souverainet\u00e9, permettant au Kazakhstan de naviguer avec habilet\u00e9 entre les influences des puissances voisines.<\/strong><\/p>\n<p><img decoding=\"async\" loading=\"lazy\" class=\"alignnone size-full wp-image-51345\" src=\"https:\/\/le12.ma\/fr\/wp-content\/uploads\/2026\/03\/kas1.jpeg\" alt=\"\" width=\"1069\" height=\"1504\" srcset=\"https:\/\/le12.ma\/fr\/wp-content\/uploads\/2026\/03\/kas1.jpeg 1069w, https:\/\/le12.ma\/fr\/wp-content\/uploads\/2026\/03\/kas1-213x300.jpeg 213w, https:\/\/le12.ma\/fr\/wp-content\/uploads\/2026\/03\/kas1-728x1024.jpeg 728w, https:\/\/le12.ma\/fr\/wp-content\/uploads\/2026\/03\/kas1-768x1081.jpeg 768w\" sizes=\"(max-width: 1069px) 100vw, 1069px\" \/><\/p>\n<p><strong>Au carrefour des \u00e9quilibres mondiaux et plac\u00e9 au c\u0153ur des \u00a0\u00bb Nouvelles routes de la soie\u00a0\u00bb , le Kazakhstan ne se contente plus de subir la g\u00e9ographie, mais il la fa\u00e7onne. L\u2019analyse de Nasrallah Belkhayate n&rsquo;a pas manqu\u00e9 de pr\u00e9ciser que c\u2019est dans cette r\u00e9gion du monde, dans ces steppes en pleine mutation, que se dessinent certains des \u00e9quilibres majeurs des d\u00e9cennies \u00e0 venir.<\/strong><\/p>\n<p><strong>Plus qu\u2019une simple \u00e9tude acad\u00e9mique, ce travail est une invitation \u00e0 comprendre les d\u00e9fis d\u2019un \u00c9tat pivot. Il s&rsquo;agit d&rsquo;une lecture indispensable pour toute personne ou tout chercheur souhaitant saisir et mieux comprendre les mutations profondes d\u2019une r\u00e9gion o\u00f9 la stabilit\u00e9 mondiale est entrain de jouer une partie d\u00e9cisive.<\/strong><\/p>\n<blockquote>\n<p style=\"text-align: left;\"><span style=\"color: #ff0000;\">Par : Dato HASSAN AMMARI<\/span><\/p>\n<p style=\"text-align: left;\"><span style=\"color: #ff0000;\">Pr\u00e9sident fondateur de l&rsquo;Association Marocaine pour la Coop\u00e9ration \u00e9t l&rsquo;Amiti\u00e9 entre les Peuples (AMCAP)<\/span><\/p>\n<\/blockquote>\n","protected":false},"excerpt":{"rendered":"<p>Dans son \u00e9tude intitul\u00e9e \u00ab\u00a0Le nouveau Kazakhstan &#8211; La vision du Pr\u00e9sident Kassym Jomart Toka\u00efev : R\u00e9formes strat\u00e9giques et Projets d&rsquo;avenir\u00a0\u00bb r\u00e9cemment publi\u00e9e, M. Nasrallah Belkhayate nous livre une r\u00e9flexion essentielle, qui allie acuit\u00e9 analytique et profondeur historique, sur la trajectoire ascendante du plus grand pays d\u2019Asie centrale. Un t\u00e9moignage aussi d\u2019estime et d\u2019amiti\u00e9 qui [&hellip;]<\/p>\n","protected":false},"author":2,"featured_media":51344,"comment_status":"open","ping_status":"open","sticky":false,"template":"","format":"standard","meta":[],"categories":[26,31,33,54],"tags":[8633],"yst_prominent_words":[1721,262,1012,3071,98,362,967],"jetpack_featured_media_url":"https:\/\/le12.ma\/fr\/wp-content\/uploads\/2026\/03\/kas.jpeg","_links":{"self":[{"href":"https:\/\/le12.ma\/fr\/wp-json\/wp\/v2\/posts\/51340"}],"collection":[{"href":"https:\/\/le12.ma\/fr\/wp-json\/wp\/v2\/posts"}],"about":[{"href":"https:\/\/le12.ma\/fr\/wp-json\/wp\/v2\/types\/post"}],"author":[{"embeddable":true,"href":"https:\/\/le12.ma\/fr\/wp-json\/wp\/v2\/users\/2"}],"replies":[{"embeddable":true,"href":"https:\/\/le12.ma\/fr\/wp-json\/wp\/v2\/comments?post=51340"}],"version-history":[{"count":1,"href":"https:\/\/le12.ma\/fr\/wp-json\/wp\/v2\/posts\/51340\/revisions"}],"predecessor-version":[{"id":51346,"href":"https:\/\/le12.ma\/fr\/wp-json\/wp\/v2\/posts\/51340\/revisions\/51346"}],"wp:featuredmedia":[{"embeddable":true,"href":"https:\/\/le12.ma\/fr\/wp-json\/wp\/v2\/media\/51344"}],"wp:attachment":[{"href":"https:\/\/le12.ma\/fr\/wp-json\/wp\/v2\/media?parent=51340"}],"wp:term":[{"taxonomy":"category","embeddable":true,"href":"https:\/\/le12.ma\/fr\/wp-json\/wp\/v2\/categories?post=51340"},{"taxonomy":"post_tag","embeddable":true,"href":"https:\/\/le12.ma\/fr\/wp-json\/wp\/v2\/tags?post=51340"},{"taxonomy":"yst_prominent_words","embeddable":true,"href":"https:\/\/le12.ma\/fr\/wp-json\/wp\/v2\/yst_prominent_words?post=51340"}],"curies":[{"name":"wp","href":"https:\/\/api.w.org\/{rel}","templated":true}]}}