{"id":48189,"date":"2025-05-23T11:13:44","date_gmt":"2025-05-23T10:13:44","guid":{"rendered":"https:\/\/le12.ma\/fr\/?p=48189"},"modified":"2025-05-23T11:15:06","modified_gmt":"2025-05-23T10:15:06","slug":"bac-en-vue-la-comptabilite-simplifiee-avec-le-professeur-achraf-seheb-une-journee-pour-tout-maitriser","status":"publish","type":"post","link":"https:\/\/le12.ma\/fr\/bac-en-vue-la-comptabilite-simplifiee-avec-le-professeur-achraf-seheb-une-journee-pour-tout-maitriser\/","title":{"rendered":"Bac en vue : la comptabilit\u00e9 simplifi\u00e9e avec le professeur Achraf Seheb. Une journ\u00e9e pour tout ma\u00eetriser!"},"content":{"rendered":"<p><span style=\"color: #ff0000;\"><strong>K\u00e9nitra \u2013 Hicham Chouach<\/strong><\/span><\/p>\n<h2><strong>Dans une atmosph\u00e8re d\u2019enthousiasme et de volont\u00e9 de se surpasser, la ville de K\u00e9nitra a accueilli, mardi dernier, une manifestation \u00e9ducative inspirante sous le slogan\u00a0 la comptabilit\u00e9 \u00ab De 0 \u00e0 20 \u00bb, organis\u00e9e par l\u2019association <a href=\"https:\/\/www.youtube.com\/watch?v=ncXG7Tvypp8\">BrainUp<\/a> Challenge au profit des \u00e9l\u00e8ves de terminale \u00e9conomique, sp\u00e9cialit\u00e9 comptabilit\u00e9 g\u00e9n\u00e9rale.<\/strong><\/h2>\n<p><iframe loading=\"lazy\" title=\"\u0642\u0628\u0644 \u0625\u0645\u062a\u062d\u0627\u0646 \u0627\u0644\u0628\u0627\u0643.  \u0627\u0644\u0645\u062d\u0627\u0633\u0628\u0629 \u201c\u0645\u0646 0 \u0625\u0644\u0649 20\u201d.. \u0634\u0627\u0647\u062f \u064a\u0648\u0645 \u0644\u0644\u0646\u062c\u0627\u062d \u0628\u062a\u0623\u0637\u064a\u0631 \u0627\u0644\u0623\u0633\u062a\u0627\u0630 \u0623\u0634\u0631\u0641 \u0633\u0647\u0628\" width=\"500\" height=\"281\" src=\"https:\/\/www.youtube.com\/embed\/ncXG7Tvypp8?feature=oembed\" frameborder=\"0\" allow=\"accelerometer; autoplay; clipboard-write; encrypted-media; gyroscope; picture-in-picture; web-share\" referrerpolicy=\"strict-origin-when-cross-origin\" allowfullscreen><\/iframe><\/p>\n<p><strong>Plac\u00e9e sous le th\u00e8me \u00ab Journ\u00e9e de la R\u00e9ussite \u00bb, cette initiative a <a href=\"https:\/\/le12.ma\/fr\/coupe-du-trone-dames-le-wydad-casablanca-et-las-far-en-finale\/\">constitu\u00e9<\/a> une occasion unique pour plus de 120 \u00e9l\u00e8ves, venus des quatre coins du Royaume, de b\u00e9n\u00e9ficier gratuitement d\u2019un encadrement p\u00e9dagogique assur\u00e9 par le professeur Achraf Seheb, sp\u00e9cialiste reconnu en comptabilit\u00e9 g\u00e9n\u00e9rale et tr\u00e8s appr\u00e9ci\u00e9 des lyc\u00e9ens, aussi bien dans les classes que sur les plateformes num\u00e9riques.<\/strong><\/p>\n<p><strong>Pendant pr\u00e8s de dix heures de formation intensive et captivante, le professeur Achraf a propos\u00e9 une lecture \u00e0 la fois simplifi\u00e9e et approfondie du programme de comptabilit\u00e9, en abordant les principales difficult\u00e9s que rencontrent les \u00e9l\u00e8ves, et en mettant l\u2019accent sur les r\u00e8gles comptables les plus susceptibles de figurer \u00e0 l\u2019examen national unifi\u00e9.<\/strong><\/p>\n<p><strong>Gr\u00e2ce \u00e0 son approche p\u00e9dagogique claire et innovante, le professeur a su transformer des concepts complexes en explications accessibles, en phase avec les attentes des apprenants et susceptibles de renforcer leur motivation et leur confiance en soi.<\/strong><\/p>\n<p><strong>Achraf Seheb a exprim\u00e9 sa grande satisfaction face \u00e0 la r\u00e9ussite de cette journ\u00e9e \u00e9ducative, affirmant que de telles initiatives contribuent de mani\u00e8re concr\u00e8te \u00e0 ancrer la culture de l\u2019excellence et \u00e0 d\u00e9velopper l\u2019estime de soi chez les \u00e9l\u00e8ves, en particulier lorsqu\u2019elles reposent sur l\u2019engagement volontaire et l\u2019esprit de solidarit\u00e9 communautaire.<\/strong><\/p>\n<p><strong>De son c\u00f4t\u00e9, Moulay Idriss Alaoui Medaghri, conseiller technique aupr\u00e8s de l\u2019association BrainUp Challenge, a salu\u00e9 le succ\u00e8s remarquable de cet \u00e9v\u00e9nement, remerciant chaleureusement le professeur Seheb ainsi que toutes les personnes ayant contribu\u00e9 de pr\u00e8s ou de loin \u00e0 la r\u00e9ussite de ce rendez-vous \u00e9ducatif de qualit\u00e9. Il a assur\u00e9 que cette \u00ab Journ\u00e9e de la R\u00e9ussite \u00bb ne sera que la premi\u00e8re d\u2019une s\u00e9rie d\u2019initiatives ambitieuses que l\u2019association pr\u00e9voit de mettre en place dans un avenir proche.<\/strong><\/p>\n<p><strong><span style=\"color: #ff0000;\">\u25a0 \u00c0 propos de l\u2019association BrainUp Challenge :<\/span><\/strong><\/p>\n<p><strong>Il s\u2019agit d\u2019une association socioculturelle, \u00e9ducative, sportive et de d\u00e9veloppement, \u00e0 but non lucratif, fond\u00e9e en 2024 \u00e0 K\u00e9nitra par de jeunes cadres exp\u00e9riment\u00e9s dans le travail associatif de terrain. L\u2019association vise \u00e0 contribuer activement \u00e0 l\u2019int\u00e9r\u00eat g\u00e9n\u00e9ral \u00e0 travers des projets structurants destin\u00e9s \u00e0 renforcer les capacit\u00e9s des jeunes et \u00e0 les accompagner dans leurs parcours scolaires et personnels.<\/strong><\/p>\n<p><strong>La cha\u00eene Le12TV a couvert cette manifestation \u00e9ducative et r\u00e9alis\u00e9 un reportage sp\u00e9cial retra\u00e7ant ses moments forts, tout en mettant en lumi\u00e8re la valeur ajout\u00e9e de cette initiative p\u00e9dagogique exemplaire.<\/strong><\/p>\n<p><strong>\u00a0<\/strong><\/p>\n<p>&nbsp;<\/p>\n","protected":false},"excerpt":{"rendered":"<p>K\u00e9nitra \u2013 Hicham Chouach Dans une atmosph\u00e8re d\u2019enthousiasme et de volont\u00e9 de se surpasser, la ville de K\u00e9nitra a accueilli, mardi dernier, une manifestation \u00e9ducative inspirante sous le slogan\u00a0 la comptabilit\u00e9 \u00ab De 0 \u00e0 20 \u00bb, organis\u00e9e par l\u2019association BrainUp Challenge au profit des \u00e9l\u00e8ves de terminale \u00e9conomique, sp\u00e9cialit\u00e9 comptabilit\u00e9 g\u00e9n\u00e9rale. Plac\u00e9e sous le [&hellip;]<\/p>\n","protected":false},"author":2,"featured_media":48190,"comment_status":"open","ping_status":"open","sticky":false,"template":"","format":"standard","meta":[],"categories":[26,23,54,24],"tags":[8991],"yst_prominent_words":[3439,259,1519],"jetpack_featured_media_url":"https:\/\/le12.ma\/fr\/wp-content\/uploads\/2025\/05\/couve-achraf-e1747995293246.png","_links":{"self":[{"href":"https:\/\/le12.ma\/fr\/wp-json\/wp\/v2\/posts\/48189"}],"collection":[{"href":"https:\/\/le12.ma\/fr\/wp-json\/wp\/v2\/posts"}],"about":[{"href":"https:\/\/le12.ma\/fr\/wp-json\/wp\/v2\/types\/post"}],"author":[{"embeddable":true,"href":"https:\/\/le12.ma\/fr\/wp-json\/wp\/v2\/users\/2"}],"replies":[{"embeddable":true,"href":"https:\/\/le12.ma\/fr\/wp-json\/wp\/v2\/comments?post=48189"}],"version-history":[{"count":1,"href":"https:\/\/le12.ma\/fr\/wp-json\/wp\/v2\/posts\/48189\/revisions"}],"predecessor-version":[{"id":48191,"href":"https:\/\/le12.ma\/fr\/wp-json\/wp\/v2\/posts\/48189\/revisions\/48191"}],"wp:featuredmedia":[{"embeddable":true,"href":"https:\/\/le12.ma\/fr\/wp-json\/wp\/v2\/media\/48190"}],"wp:attachment":[{"href":"https:\/\/le12.ma\/fr\/wp-json\/wp\/v2\/media?parent=48189"}],"wp:term":[{"taxonomy":"category","embeddable":true,"href":"https:\/\/le12.ma\/fr\/wp-json\/wp\/v2\/categories?post=48189"},{"taxonomy":"post_tag","embeddable":true,"href":"https:\/\/le12.ma\/fr\/wp-json\/wp\/v2\/tags?post=48189"},{"taxonomy":"yst_prominent_words","embeddable":true,"href":"https:\/\/le12.ma\/fr\/wp-json\/wp\/v2\/yst_prominent_words?post=48189"}],"curies":[{"name":"wp","href":"https:\/\/api.w.org\/{rel}","templated":true}]}}