{"id":48161,"date":"2025-05-11T13:33:22","date_gmt":"2025-05-11T12:33:22","guid":{"rendered":"https:\/\/le12.ma\/fr\/?p=48161"},"modified":"2025-05-11T13:33:22","modified_gmt":"2025-05-11T12:33:22","slug":"le-president-azerbaidjanais-heydar-aliyev-lheritage-dun-leader-visionnaire-grand-ami-du-maroc","status":"publish","type":"post","link":"https:\/\/le12.ma\/fr\/le-president-azerbaidjanais-heydar-aliyev-lheritage-dun-leader-visionnaire-grand-ami-du-maroc\/","title":{"rendered":"Le pr\u00e9sident azerba\u00efdjanais Heydar Aliyev : l\u2019h\u00e9ritage d\u2019un leader visionnaire, grand ami du Maroc"},"content":{"rendered":"<p>&nbsp;<\/p>\n<h2><strong>Le Maroc a \u00e9t\u00e9 l\u2019un des premiers pays d\u2019Afrique du Nord \u00e0 \u00e9tablir des relations diplomatiques avec l\u2019Azerba\u00efdjan ind\u00e9pendant, soulignant l\u2019importance g\u00e9opolitique que Rabat accorde au Caucase du Sud.<\/strong><\/h2>\n<p><span style=\"color: #ff0000;\"><strong><img decoding=\"async\" loading=\"lazy\" class=\"alignnone size-full wp-image-48163\" src=\"https:\/\/le12.ma\/fr\/wp-content\/uploads\/2025\/05\/cd311c15-c8b4-43e3-aed4-f244ea5f7e3a.jpeg\" alt=\"\" width=\"1080\" height=\"762\" srcset=\"https:\/\/le12.ma\/fr\/wp-content\/uploads\/2025\/05\/cd311c15-c8b4-43e3-aed4-f244ea5f7e3a.jpeg 1080w, https:\/\/le12.ma\/fr\/wp-content\/uploads\/2025\/05\/cd311c15-c8b4-43e3-aed4-f244ea5f7e3a-300x212.jpeg 300w, https:\/\/le12.ma\/fr\/wp-content\/uploads\/2025\/05\/cd311c15-c8b4-43e3-aed4-f244ea5f7e3a-1024x722.jpeg 1024w, https:\/\/le12.ma\/fr\/wp-content\/uploads\/2025\/05\/cd311c15-c8b4-43e3-aed4-f244ea5f7e3a-768x542.jpeg 768w\" sizes=\"(max-width: 1080px) 100vw, 1080px\" \/><br \/>\nDRISS LYAKOUBI<\/strong><\/span><\/p>\n<p><strong>L&rsquo;Azerba\u00efdjan a comm\u00e9mor\u00e9, le 10 mai 2025, le 102e anniversaire de la naissance d\u2019Heydar Aliyev, le leader national de <a href=\"https:\/\/le12.ma\/fr\/ferme-volonte-de-developper-les-relations-economiques-et-commerciales-entre-le-maroc-et-lazerbaidjan\/\">l\u2019Azerba\u00efdjan<\/a>.<br \/>\nFigure embl\u00e9matique de l\u2019Histoire contemporaine azerba\u00efdjanaise, le pr\u00e9sident d\u00e9funt a jou\u00e9 un r\u00f4le d\u00e9terminant dans l\u2019\u00e9dification d&rsquo;un \u00c9tat ind\u00e9pendant et tr\u00e8s actif sur les sc\u00e8nes r\u00e9gionale et internationale, apr\u00e8s la chute de l\u2019Union sovi\u00e9tique. Son h\u00e9ritage politique continue d\u2019influencer profond\u00e9ment les orientations strat\u00e9giques du pays, tant sur le plan int\u00e9rieur que dans ses relations internationales.<\/strong><\/p>\n<p><strong>Les forts liens d&rsquo;amiti\u00e9 entre le Maroc et ce grand pays du Caucase ne datent pas d&rsquo;aujourd&rsquo;hui.<br \/>\nLa visite officielle du pr\u00e9sident Haydar Aliyev \u00e0 Casablanca en 1994 a constitu\u00e9 un tournant important dans l\u2019\u00e9tablissement et le renforcement des relations diplomatiques entre la R\u00e9publique <a href=\"https:\/\/fr.m.wikipedia.org\/wiki\/Azerba%C3%AFdjan\">d&rsquo;Azerba\u00efdjan<\/a> et le Royaume du Maroc. Ce d\u00e9placement s\u2019\u00e9tait inscrit dans une volont\u00e9 d\u2019ouverture vers le monde arabo-musulman et africain, ainsi qu\u2019un effort soutenu pour diversifier les partenaires politiques et \u00e9conomiques du jeune \u00c9tat azerba\u00efdjanais.<\/strong><\/p>\n<p><strong>La rencontre du d\u00e9funt pr\u00e9sident, Heydar Aliyev avec feu le Roi Hassan II \u00e0 la capitale \u00e9conomique du Royaume a \u00e9t\u00e9 un moment symbolique, t\u00e9moignant du respect mutuel et du potentiel de coop\u00e9ration entre les deux nations. <\/strong><\/p>\n<p><strong>Le Maroc a \u00e9t\u00e9 l\u2019un des premiers pays d\u2019Afrique du Nord \u00e0 \u00e9tablir des relations diplomatiques avec l\u2019Azerba\u00efdjan ind\u00e9pendant, soulignant l\u2019importance g\u00e9opolitique que Rabat accorde au Caucase du Sud.<\/strong><\/p>\n<p><strong>Depuis cette premi\u00e8re rencontre historique, les relations bilat\u00e9rales n\u2019ont cess\u00e9 de se d\u00e9velopper, reposant sur des valeurs partag\u00e9es, telles que le respect de la souverainet\u00e9, la coop\u00e9ration sud-sud, et le dialogue interculturel. Les deux pays coop\u00e8rent aujourd\u2019hui, sous le leadership de S.M. le Roi Mohammed VI et SE le Pr\u00e9sident Ilham Aliyev, dans des domaines vari\u00e9s, allant de la diplomatie parlementaire aux \u00e9changes culturels et \u00e0 la collaboration \u00e9conomique.<\/strong><\/p>\n<p><strong>Le renforcement de cette relation trouve aussi un \u00e9cho dans les projets r\u00e9cents, notamment dans les secteurs de l\u2019\u00e9nergie, de la logistique et de l\u2019\u00e9ducation. Les visites diplomatiques soutenues, les forums \u00e9conomiques conjoints et les \u00e9changes universitaires illustrent l\u2019engagement mutuel envers un partenariat durable. La r\u00e9cente visite de S.A.R la Princesse Lalla Hasnaa et l&rsquo;acceuil chaleureux qui lui a \u00e9t\u00e9 r\u00e9serv\u00e9 par les hautes personnalit\u00e9s azerba\u00efdjanaises est l&rsquo;illustration parfaite des solides relations entre deux pays partageant plusieurs valeurs<\/strong><\/p>\n<p><strong>Heydar Aliyev reste dans la m\u00e9moire collective azerba\u00efdjanaise comme un homme d\u2019\u00c9tat \u00e0 la vision claire, ayant compris tr\u00e8s t\u00f4t la n\u00e9cessit\u00e9 d\u2019inscrire l\u2019Azerba\u00efdjan dans une politique \u00e9trang\u00e8re \u00e9quilibr\u00e9e et diversifi\u00e9e. Sa visite \u00e0 Casablanca fut l\u2019un des premiers gestes concrets de cette strat\u00e9gie.<\/strong><\/p>\n<p><strong>En ce 102e anniversaire , l\u2019Azerba\u00efdjan rend hommage \u00e0 son fondateur moderne en poursuivant l\u2019\u0153uvre qu\u2019il a amorc\u00e9e : b\u00e2tir des ponts entre les cultures, consolider la paix r\u00e9gionale, et promouvoir la coop\u00e9ration internationale.<\/strong><\/p>\n","protected":false},"excerpt":{"rendered":"<p>&nbsp; Le Maroc a \u00e9t\u00e9 l\u2019un des premiers pays d\u2019Afrique du Nord \u00e0 \u00e9tablir des relations diplomatiques avec l\u2019Azerba\u00efdjan ind\u00e9pendant, soulignant l\u2019importance g\u00e9opolitique que Rabat accorde au Caucase du Sud. DRISS LYAKOUBI L&rsquo;Azerba\u00efdjan a comm\u00e9mor\u00e9, le 10 mai 2025, le 102e anniversaire de la naissance d\u2019Heydar Aliyev, le leader national de l\u2019Azerba\u00efdjan. Figure embl\u00e9matique de [&hellip;]<\/p>\n","protected":false},"author":2,"featured_media":48162,"comment_status":"open","ping_status":"open","sticky":false,"template":"","format":"standard","meta":[],"categories":[26,31,22,54],"tags":[15813,182],"yst_prominent_words":[],"jetpack_featured_media_url":"https:\/\/le12.ma\/fr\/wp-content\/uploads\/2025\/05\/5c60f6ca-9b3a-4fca-8b77-65d50a7e669d.jpeg","_links":{"self":[{"href":"https:\/\/le12.ma\/fr\/wp-json\/wp\/v2\/posts\/48161"}],"collection":[{"href":"https:\/\/le12.ma\/fr\/wp-json\/wp\/v2\/posts"}],"about":[{"href":"https:\/\/le12.ma\/fr\/wp-json\/wp\/v2\/types\/post"}],"author":[{"embeddable":true,"href":"https:\/\/le12.ma\/fr\/wp-json\/wp\/v2\/users\/2"}],"replies":[{"embeddable":true,"href":"https:\/\/le12.ma\/fr\/wp-json\/wp\/v2\/comments?post=48161"}],"version-history":[{"count":1,"href":"https:\/\/le12.ma\/fr\/wp-json\/wp\/v2\/posts\/48161\/revisions"}],"predecessor-version":[{"id":48164,"href":"https:\/\/le12.ma\/fr\/wp-json\/wp\/v2\/posts\/48161\/revisions\/48164"}],"wp:featuredmedia":[{"embeddable":true,"href":"https:\/\/le12.ma\/fr\/wp-json\/wp\/v2\/media\/48162"}],"wp:attachment":[{"href":"https:\/\/le12.ma\/fr\/wp-json\/wp\/v2\/media?parent=48161"}],"wp:term":[{"taxonomy":"category","embeddable":true,"href":"https:\/\/le12.ma\/fr\/wp-json\/wp\/v2\/categories?post=48161"},{"taxonomy":"post_tag","embeddable":true,"href":"https:\/\/le12.ma\/fr\/wp-json\/wp\/v2\/tags?post=48161"},{"taxonomy":"yst_prominent_words","embeddable":true,"href":"https:\/\/le12.ma\/fr\/wp-json\/wp\/v2\/yst_prominent_words?post=48161"}],"curies":[{"name":"wp","href":"https:\/\/api.w.org\/{rel}","templated":true}]}}