{"id":47966,"date":"2025-03-27T13:02:10","date_gmt":"2025-03-27T13:02:10","guid":{"rendered":"https:\/\/le12.ma\/fr\/?p=47966"},"modified":"2025-03-27T15:03:24","modified_gmt":"2025-03-27T15:03:24","slug":"jorge-vilda-nous-disposons-dune-equipe-competitive-capable-de-faire-la-difference-lors-de-la-can","status":"publish","type":"post","link":"https:\/\/le12.ma\/fr\/jorge-vilda-nous-disposons-dune-equipe-competitive-capable-de-faire-la-difference-lors-de-la-can\/","title":{"rendered":"Jorge Vilda : \u00ab\u00a0Nous disposons d\u2019une \u00e9quipe comp\u00e9titive capable de faire la diff\u00e9rence lors de la CAN\u00a0\u00bb"},"content":{"rendered":"<p>&nbsp;<\/p>\n<div id=\"contenu_article_0\" class=\"resume-article mb-4 text-left\">\n<h2><strong>Le s\u00e9lectionneur de l&rsquo;\u00e9quipe nationale f\u00e9minine de football, l\u2019Espagnol Jorge Vilda Rodriguez a affirm\u00e9, jeudi \u00e0 Sal\u00e9, que son \u00e9quipe est comp\u00e9titive et capable de faire la diff\u00e9rence lors de la prochaine Coupe d&rsquo;Afrique des nations (CAN), pr\u00e9vue du 5 au 26 juillet au Maroc.<\/strong><\/h2>\n<p><strong>\u00ab\u00a0L\u2019\u00e9quipe nationale du Maroc a \u00e9volu\u00e9 positivement. Nous disposons d\u2019une \u00e9quipe forte et solide d\u00e9fensivement\u00a0\u00bb, a soulign\u00e9 le coach national lors d&rsquo;une conf\u00e9rence de presse, tenue au Complexe Mohammed VI de football \u00e0 Ma\u00e2mora, pour pr\u00e9senter la liste des joueuses convoqu\u00e9es pour les matchs amicaux, pr\u00e9vus les 4 et 8 avril prochain, face, respectivement, \u00e0 la Tunisie et au Cameroun.<\/strong><\/p>\n<p><strong>Il a not\u00e9 que \u00ab\u00a0l\u2019\u00e9quipe nationale f\u00e9minine est capable de diversifier son jeu, notamment sur la ligne offensive et peut mettre en difficult\u00e9 les \u00e9quipes adverses\u00a0\u00bb, ajoutant qu\u2019\u00a0\u00bb\u00e0 l\u2019approche de la CAN, la motivation des Lionnes de l\u2019Atlas est \u00e0 son comble\u00a0\u00bb.<\/strong><\/p>\n<p><strong>Jorge Vilda a, par ailleurs, mis l\u2019accent sur l\u2019importance des matchs amicaux dans la pr\u00e9paration de la CAN pour \u00ab\u00a0nous conforter dans notre jeu et notre approche\u00a0\u00bb.<\/strong><\/p>\n<p><strong>\u00ab\u00a0Nous avons jou\u00e9 contre des \u00e9quipes comp\u00e9titives pour bien pr\u00e9parer la CAN\u00a0\u00bb, a-t-il fait remarquer, notant que \u00ab\u00a0les matchs amicaux contre la Tunisie et le Cameroun seront difficiles et nous permettrons d\u2019\u00e9voluer sereinement\u00a0\u00bb.<\/strong><\/p>\n<p><strong>\u00ab\u00a0Nous avons une \u00e9quipe techniquement compl\u00e8te gr\u00e2ce \u00e0 notre pr\u00e9paration. Nous travaillons avec s\u00e9rieux pour r\u00e9aliser un r\u00e9sultat positif lors de la prochaine Coupe d\u2019Afrique des nations\u00a0\u00bb, a fait savoir Jorge Vilda.<\/strong><\/p>\n<p><strong>Et d&rsquo;ajouter que \u00ab\u00a0nous avons form\u00e9 un groupe homog\u00e8ne avec un bon esprit d\u2019\u00e9quipe. Je pense que c\u2019est le meilleur groupe que j\u2019entra\u00eene depuis que je suis coach de la s\u00e9lection marocaine\u00a0\u00bb.<\/strong><\/p>\n<p><strong>\u00ab\u00a0Le groupe du Maroc \u00e0 la CAN n\u2019est pas facile et nous devons donner le meilleur de nous-m\u00eames pour pouvoir \u00e9voluer et aller loin dans la comp\u00e9tition\u00a0\u00bb, a-t-il insist\u00e9.<\/strong><\/p>\n<p><strong>L\u2019\u00e9quipe nationale f\u00e9minine, finaliste de la derni\u00e8re \u00e9dition en 2022, a \u00e9t\u00e9 log\u00e9e dans le groupe A de la prochaine CAN, qui se compose de la Zambie, la RD Congo et le S\u00e9n\u00e9gal.<\/strong><\/p>\n<\/div>\n","protected":false},"excerpt":{"rendered":"<p>&nbsp; Le s\u00e9lectionneur de l&rsquo;\u00e9quipe nationale f\u00e9minine de football, l\u2019Espagnol Jorge Vilda Rodriguez a affirm\u00e9, jeudi \u00e0 Sal\u00e9, que son \u00e9quipe est comp\u00e9titive et capable de faire la diff\u00e9rence lors de la prochaine Coupe d&rsquo;Afrique des nations (CAN), pr\u00e9vue du 5 au 26 juillet au Maroc. \u00ab\u00a0L\u2019\u00e9quipe nationale du Maroc a \u00e9volu\u00e9 positivement. Nous disposons [&hellip;]<\/p>\n","protected":false},"author":2,"featured_media":47967,"comment_status":"open","ping_status":"open","sticky":false,"template":"","format":"standard","meta":[],"categories":[26,54,27],"tags":[15775],"yst_prominent_words":[5564,4991,564,101,3135,69,4714,310],"jetpack_featured_media_url":"https:\/\/le12.ma\/fr\/wp-content\/uploads\/2025\/03\/\u0643\u0623\u0633-\u0623\u0645\u0645-\u0625\u0641\u0631\u064a\u0642\u064a\u0627-\u0644\u0644\u0633\u064a\u062f\u0627\u062a.jpg","_links":{"self":[{"href":"https:\/\/le12.ma\/fr\/wp-json\/wp\/v2\/posts\/47966"}],"collection":[{"href":"https:\/\/le12.ma\/fr\/wp-json\/wp\/v2\/posts"}],"about":[{"href":"https:\/\/le12.ma\/fr\/wp-json\/wp\/v2\/types\/post"}],"author":[{"embeddable":true,"href":"https:\/\/le12.ma\/fr\/wp-json\/wp\/v2\/users\/2"}],"replies":[{"embeddable":true,"href":"https:\/\/le12.ma\/fr\/wp-json\/wp\/v2\/comments?post=47966"}],"version-history":[{"count":1,"href":"https:\/\/le12.ma\/fr\/wp-json\/wp\/v2\/posts\/47966\/revisions"}],"predecessor-version":[{"id":47968,"href":"https:\/\/le12.ma\/fr\/wp-json\/wp\/v2\/posts\/47966\/revisions\/47968"}],"wp:featuredmedia":[{"embeddable":true,"href":"https:\/\/le12.ma\/fr\/wp-json\/wp\/v2\/media\/47967"}],"wp:attachment":[{"href":"https:\/\/le12.ma\/fr\/wp-json\/wp\/v2\/media?parent=47966"}],"wp:term":[{"taxonomy":"category","embeddable":true,"href":"https:\/\/le12.ma\/fr\/wp-json\/wp\/v2\/categories?post=47966"},{"taxonomy":"post_tag","embeddable":true,"href":"https:\/\/le12.ma\/fr\/wp-json\/wp\/v2\/tags?post=47966"},{"taxonomy":"yst_prominent_words","embeddable":true,"href":"https:\/\/le12.ma\/fr\/wp-json\/wp\/v2\/yst_prominent_words?post=47966"}],"curies":[{"name":"wp","href":"https:\/\/api.w.org\/{rel}","templated":true}]}}