{"id":479,"date":"2020-07-27T16:53:19","date_gmt":"2020-07-27T15:53:19","guid":{"rendered":"https:\/\/le12.ma\/fr\/?p=479"},"modified":"2020-07-27T16:53:19","modified_gmt":"2020-07-27T15:53:19","slug":"lutte-contre-la-traite-humaine-le-maroc-opte-pour-une-approche-globale-et-moderniste-m-ben-abdelkader","status":"publish","type":"post","link":"https:\/\/le12.ma\/fr\/lutte-contre-la-traite-humaine-le-maroc-opte-pour-une-approche-globale-et-moderniste-m-ben-abdelkader\/","title":{"rendered":"Lutte contre la traite humaine: le Maroc opte pour une approche globale et moderniste (M. Ben Abdelkader)"},"content":{"rendered":"<p><span style=\"color: #ff0000;\"><strong>Rabat \u2013 le12<\/strong><\/span><\/p>\n<p><strong>Le Maroc a choisi de lutter contre le crime de la traite des \u00eatres humains selon une vision globale et diff\u00e9rente des autres pays qui l\u2019ont pr\u00e9c\u00e9d\u00e9 dans le combat et la lutte contre ce ph\u00e9nom\u00e8ne, a indiqu\u00e9, lundi, le ministre de la Justice, Mohamed Ben Abdelkader.<\/strong><\/p>\n","protected":false},"excerpt":{"rendered":"<p>Rabat \u2013 le12 Le Maroc a choisi de lutter contre le crime de la traite des \u00eatres humains selon une vision globale et diff\u00e9rente des autres pays qui l\u2019ont pr\u00e9c\u00e9d\u00e9 dans le combat et la lutte contre ce ph\u00e9nom\u00e8ne, a indiqu\u00e9, lundi, le ministre de la Justice, Mohamed Ben Abdelkader.<\/p>\n","protected":false},"author":3,"featured_media":480,"comment_status":"open","ping_status":"open","sticky":false,"template":"","format":"standard","meta":[],"categories":[25,28,22,24],"tags":[747,1308,1309],"yst_prominent_words":[],"jetpack_featured_media_url":"https:\/\/le12.ma\/fr\/wp-content\/uploads\/2020\/07\/traite.jpg","_links":{"self":[{"href":"https:\/\/le12.ma\/fr\/wp-json\/wp\/v2\/posts\/479"}],"collection":[{"href":"https:\/\/le12.ma\/fr\/wp-json\/wp\/v2\/posts"}],"about":[{"href":"https:\/\/le12.ma\/fr\/wp-json\/wp\/v2\/types\/post"}],"author":[{"embeddable":true,"href":"https:\/\/le12.ma\/fr\/wp-json\/wp\/v2\/users\/3"}],"replies":[{"embeddable":true,"href":"https:\/\/le12.ma\/fr\/wp-json\/wp\/v2\/comments?post=479"}],"version-history":[{"count":1,"href":"https:\/\/le12.ma\/fr\/wp-json\/wp\/v2\/posts\/479\/revisions"}],"predecessor-version":[{"id":481,"href":"https:\/\/le12.ma\/fr\/wp-json\/wp\/v2\/posts\/479\/revisions\/481"}],"wp:featuredmedia":[{"embeddable":true,"href":"https:\/\/le12.ma\/fr\/wp-json\/wp\/v2\/media\/480"}],"wp:attachment":[{"href":"https:\/\/le12.ma\/fr\/wp-json\/wp\/v2\/media?parent=479"}],"wp:term":[{"taxonomy":"category","embeddable":true,"href":"https:\/\/le12.ma\/fr\/wp-json\/wp\/v2\/categories?post=479"},{"taxonomy":"post_tag","embeddable":true,"href":"https:\/\/le12.ma\/fr\/wp-json\/wp\/v2\/tags?post=479"},{"taxonomy":"yst_prominent_words","embeddable":true,"href":"https:\/\/le12.ma\/fr\/wp-json\/wp\/v2\/yst_prominent_words?post=479"}],"curies":[{"name":"wp","href":"https:\/\/api.w.org\/{rel}","templated":true}]}}