{"id":4784,"date":"2020-10-01T18:22:17","date_gmt":"2020-10-01T17:22:17","guid":{"rendered":"https:\/\/le12.ma\/fr\/?p=4784"},"modified":"2020-10-01T18:22:17","modified_gmt":"2020-10-01T17:22:17","slug":"marrakech-report-a-juillet-2021-du-51eme-festival-national-des-arts-populaires","status":"publish","type":"post","link":"https:\/\/le12.ma\/fr\/marrakech-report-a-juillet-2021-du-51eme-festival-national-des-arts-populaires\/","title":{"rendered":"Marrakech : Report \u00e0 juillet 2021 du 51\u00e8me Festival National des Arts Populaires"},"content":{"rendered":"<p><span style=\"color: #ff0000;\"><strong>Marrakech \u2013 le12<\/strong><\/span><\/p>\n<p><strong>La 51\u00e8me \u00e9dition du Festival National des Arts Populaires (FNAP), pr\u00e9vue initialement du 27 au 31 octobre \u00e0 Marrakech, a \u00e9t\u00e9 report\u00e9e jusqu\u2019\u00e0 juillet 2021, a annonc\u00e9 le comit\u00e9 d\u2019organisation de cette manifestation culturelle.<\/strong><\/p>\n<p><strong>Dans un communiqu\u00e9, ledit comit\u00e9 a pr\u00e9cis\u00e9 que la prochaine \u00e9dition du FNAP aura lieu du 6 au 10 juillet 2021, eu \u00e9gard \u00e0 la conjoncture que traverse le Royaume suite \u00e0 la propagation de la pand\u00e9mie du nouveau coronavirus (Covid-19).<\/strong><\/p>\n","protected":false},"excerpt":{"rendered":"<p>Marrakech \u2013 le12 La 51\u00e8me \u00e9dition du Festival National des Arts Populaires (FNAP), pr\u00e9vue initialement du 27 au 31 octobre \u00e0 Marrakech, a \u00e9t\u00e9 report\u00e9e jusqu\u2019\u00e0 juillet 2021, a annonc\u00e9 le comit\u00e9 d\u2019organisation de cette manifestation culturelle. Dans un communiqu\u00e9, ledit comit\u00e9 a pr\u00e9cis\u00e9 que la prochaine \u00e9dition du FNAP aura lieu du 6 au [&hellip;]<\/p>\n","protected":false},"author":4,"featured_media":4785,"comment_status":"open","ping_status":"open","sticky":false,"template":"","format":"standard","meta":[],"categories":[26,31],"tags":[],"yst_prominent_words":[4183,2117,257,254,502,3058],"jetpack_featured_media_url":"https:\/\/le12.ma\/fr\/wp-content\/uploads\/2020\/10\/1562072847743433700.jpg","_links":{"self":[{"href":"https:\/\/le12.ma\/fr\/wp-json\/wp\/v2\/posts\/4784"}],"collection":[{"href":"https:\/\/le12.ma\/fr\/wp-json\/wp\/v2\/posts"}],"about":[{"href":"https:\/\/le12.ma\/fr\/wp-json\/wp\/v2\/types\/post"}],"author":[{"embeddable":true,"href":"https:\/\/le12.ma\/fr\/wp-json\/wp\/v2\/users\/4"}],"replies":[{"embeddable":true,"href":"https:\/\/le12.ma\/fr\/wp-json\/wp\/v2\/comments?post=4784"}],"version-history":[{"count":1,"href":"https:\/\/le12.ma\/fr\/wp-json\/wp\/v2\/posts\/4784\/revisions"}],"predecessor-version":[{"id":4786,"href":"https:\/\/le12.ma\/fr\/wp-json\/wp\/v2\/posts\/4784\/revisions\/4786"}],"wp:featuredmedia":[{"embeddable":true,"href":"https:\/\/le12.ma\/fr\/wp-json\/wp\/v2\/media\/4785"}],"wp:attachment":[{"href":"https:\/\/le12.ma\/fr\/wp-json\/wp\/v2\/media?parent=4784"}],"wp:term":[{"taxonomy":"category","embeddable":true,"href":"https:\/\/le12.ma\/fr\/wp-json\/wp\/v2\/categories?post=4784"},{"taxonomy":"post_tag","embeddable":true,"href":"https:\/\/le12.ma\/fr\/wp-json\/wp\/v2\/tags?post=4784"},{"taxonomy":"yst_prominent_words","embeddable":true,"href":"https:\/\/le12.ma\/fr\/wp-json\/wp\/v2\/yst_prominent_words?post=4784"}],"curies":[{"name":"wp","href":"https:\/\/api.w.org\/{rel}","templated":true}]}}