{"id":47383,"date":"2025-02-03T11:39:18","date_gmt":"2025-02-03T10:39:18","guid":{"rendered":"https:\/\/le12.ma\/fr\/?p=47383"},"modified":"2025-02-03T12:40:56","modified_gmt":"2025-02-03T11:40:56","slug":"marrakech-cloture-de-la-3eme-edition-du-flam","status":"publish","type":"post","link":"https:\/\/le12.ma\/fr\/marrakech-cloture-de-la-3eme-edition-du-flam\/","title":{"rendered":"Marrakech : Cl\u00f4ture de la 3\u00e8me \u00e9dition du FLAM"},"content":{"rendered":"<div id=\"div-gpt-ad-1479402937383-3-0\" class=\"ng-star-inserted\"><\/div>\n<div id=\"contenu_article_0\" class=\"resume-article mb-4 text-left\">\n<h2><strong>La troisi\u00e8me \u00e9dition du <a href=\"https:\/\/le12.ma\/fr\/la-commission-de-lenseignement-et-des-affaires-culturelle-et-sociale-approuve-le-projet-de-loi-relatif-a-la-greve\/\">Festival<\/a> du livre africain de Marrakech (<a href=\"https:\/\/www.medi1news.com\/fr\/article\/343059.html\">FLAM<\/a>) a cl\u00f4tur\u00e9 ses activit\u00e9s, dimanche soir, au Centre culturel \u00ab\u00a0Les Etoiles Jamaa El Fna\u00a0\u00bb, avec la participation d&rsquo;un parterre d\u2019\u00e9crivains et intellectuels marocains et \u00e9trangers.<\/strong><\/h2>\n<p><strong>Cet \u00e9v\u00e9nement culturel, organis\u00e9 du 30 janvier au 02 f\u00e9vrier \u00e0 la Cit\u00e9 Ocre, a \u00e9t\u00e9 l&rsquo;occasion de mettre en avant le rayonnement culturel et artistique de l&rsquo;Afrique \u00e0 travers des discussions riches et des \u00e9v\u00e9nements vari\u00e9s.<\/strong><\/p>\n<p><strong>L\u2019\u00e9dition de cette ann\u00e9e a particuli\u00e8rement centr\u00e9 les voix des femmes en Afrique et les nombreuses fa\u00e7ons dont elles se refl\u00e8tent au sein de la litt\u00e9rature mondiale, avec la participation de la grande \u00e9crivaine et ic\u00f4ne litt\u00e9raire Ananda Devi, aux c\u00f4t\u00e9s de l\u2019ancienne ministre de la Justice fran\u00e7aise et militante pour les droits de l\u2019Homme, Christiane Taubira, qui a partag\u00e9 son engagement social et politique ainsi que sa passion pour la litt\u00e9rature.<\/strong><\/p>\n<p><strong>Le programme vari\u00e9 de cette \u00e9dition a inclut une s\u00e9rie de panels et tables rondes sur une vari\u00e9t\u00e9 de sujets, notamment \u00ab\u00a0la m\u00e9moire, l&rsquo;identit\u00e9 africaine et la transmission culturelle\u00a0\u00bb, \u00ab\u00a0la litt\u00e9rature f\u00e9minine en tant que m\u00e9canisme de transformation sociale\u00a0\u00bb, \u00ab\u00a0les enjeux et les d\u00e9fis du mouvement f\u00e9ministe africain\u00a0\u00bb, ainsi que des s\u00e9ances de d\u00e9dicaces et signatures de plusieurs nouvelles publications.<\/strong><\/p>\n<p><strong>Le festival a \u00e9galement pr\u00e9sent\u00e9 une exposition de l&rsquo;artiste ha\u00eftienne Marie-Denise Douyon, ainsi que des caf\u00e9s litt\u00e9raires, des masterclass et des soir\u00e9es, avec un accent particulier sur la jeunesse.<\/strong><\/p>\n<p><strong>La cl\u00f4ture de l&rsquo;\u00e9v\u00e9nement a \u00e9t\u00e9 marqu\u00e9e par la remise du Prix litt\u00e9raire des lyc\u00e9ens de Marrakech, qui vise \u00e0 encourager la lecture et l&rsquo;\u00e9criture chez les jeunes et \u00e0 promouvoir le r\u00f4le de la litt\u00e9rature dans le d\u00e9veloppement de leur conscience culturelle.<\/strong><\/p>\n<p><strong>Le prix vise \u00e0 mettre en exergue l&rsquo;engagement social du FLAM \u00e0 partager ses connaissances et \u00e0 les transmettre aux jeunes g\u00e9n\u00e9rations, dans le cadre d&rsquo;une vision globale qui vise \u00e0 promouvoir l&rsquo;activit\u00e9 culturelle et intellectuelle chez les jeunes.<\/strong><\/p>\n<p><strong>V\u00e9ritable rendez-vous rassemblant des \u00e9crivains, des penseurs et des intellectuels d\u2019Afrique et de ses diasporas, le FLAM a \u00e9t\u00e9 fond\u00e9 par Mahi Binebine (\u00e9crivain et artiste plasticien), Fatimata Wane-Sagna (journaliste), Hanane Essaydi (universitaire) et Youn\u00e8s Ajarra\u00ef (entrepreneur culturel).<\/strong><\/p>\n<p><strong>Port\u00e9 par l\u2019association \u00ab\u00a0WE ART AFRICA\/\/NS\u00a0\u00bb, le FLAM se veut une c\u00e9l\u00e9bration \u00e9loquente de la litt\u00e9rature et de la culture africaines, qui vise \u00e0 contribuer au rayonnement culturel et artistique du continent tout en mettant en lumi\u00e8re la richesse de ses litt\u00e9ratures et de ses arts.<\/strong><\/p>\n<\/div>\n","protected":false},"excerpt":{"rendered":"<p>La troisi\u00e8me \u00e9dition du Festival du livre africain de Marrakech (FLAM) a cl\u00f4tur\u00e9 ses activit\u00e9s, dimanche soir, au Centre culturel \u00ab\u00a0Les Etoiles Jamaa El Fna\u00a0\u00bb, avec la participation d&rsquo;un parterre d\u2019\u00e9crivains et intellectuels marocains et \u00e9trangers. Cet \u00e9v\u00e9nement culturel, organis\u00e9 du 30 janvier au 02 f\u00e9vrier \u00e0 la Cit\u00e9 Ocre, a \u00e9t\u00e9 l&rsquo;occasion de mettre [&hellip;]<\/p>\n","protected":false},"author":2,"featured_media":47384,"comment_status":"open","ping_status":"open","sticky":false,"template":"","format":"standard","meta":[],"categories":[26,31,54,24],"tags":[15696],"yst_prominent_words":[2849,263,261,257,457,1957,3058,4473,3369,4077],"jetpack_featured_media_url":"https:\/\/le12.ma\/fr\/wp-content\/uploads\/2025\/02\/FLAM.webp","_links":{"self":[{"href":"https:\/\/le12.ma\/fr\/wp-json\/wp\/v2\/posts\/47383"}],"collection":[{"href":"https:\/\/le12.ma\/fr\/wp-json\/wp\/v2\/posts"}],"about":[{"href":"https:\/\/le12.ma\/fr\/wp-json\/wp\/v2\/types\/post"}],"author":[{"embeddable":true,"href":"https:\/\/le12.ma\/fr\/wp-json\/wp\/v2\/users\/2"}],"replies":[{"embeddable":true,"href":"https:\/\/le12.ma\/fr\/wp-json\/wp\/v2\/comments?post=47383"}],"version-history":[{"count":1,"href":"https:\/\/le12.ma\/fr\/wp-json\/wp\/v2\/posts\/47383\/revisions"}],"predecessor-version":[{"id":47385,"href":"https:\/\/le12.ma\/fr\/wp-json\/wp\/v2\/posts\/47383\/revisions\/47385"}],"wp:featuredmedia":[{"embeddable":true,"href":"https:\/\/le12.ma\/fr\/wp-json\/wp\/v2\/media\/47384"}],"wp:attachment":[{"href":"https:\/\/le12.ma\/fr\/wp-json\/wp\/v2\/media?parent=47383"}],"wp:term":[{"taxonomy":"category","embeddable":true,"href":"https:\/\/le12.ma\/fr\/wp-json\/wp\/v2\/categories?post=47383"},{"taxonomy":"post_tag","embeddable":true,"href":"https:\/\/le12.ma\/fr\/wp-json\/wp\/v2\/tags?post=47383"},{"taxonomy":"yst_prominent_words","embeddable":true,"href":"https:\/\/le12.ma\/fr\/wp-json\/wp\/v2\/yst_prominent_words?post=47383"}],"curies":[{"name":"wp","href":"https:\/\/api.w.org\/{rel}","templated":true}]}}