{"id":4734,"date":"2020-10-01T09:49:47","date_gmt":"2020-10-01T08:49:47","guid":{"rendered":"https:\/\/le12.ma\/fr\/?p=4734"},"modified":"2020-10-01T09:49:47","modified_gmt":"2020-10-01T08:49:47","slug":"carte-blanche-a-yamou-vernissage-dun-printemps-de-dessein-a-lespace-expressions-cdg","status":"publish","type":"post","link":"https:\/\/le12.ma\/fr\/carte-blanche-a-yamou-vernissage-dun-printemps-de-dessein-a-lespace-expressions-cdg\/","title":{"rendered":"Carte blanche \u00e0 Yamou : Vernissage d\u2019un Printemps de dessein \u00e0 l\u2019Espace Expressions CDG"},"content":{"rendered":"<p><span style=\"color: #ff0000;\"><strong>Rabat \u2013 le12<\/strong><\/span><\/p>\n<p><strong>La Fondation de la Caisse de d\u00e9p\u00f4t et de gestion (CDG) a organis\u00e9, mercredi \u00e0 Rabat, au sein de l\u2019Espace Expressions CDG, le vernissage de son exposition artistique \u201cCarte blanche \u00e0 Yamou\u201d.<\/strong><\/p>\n<p><strong>La \u201cCarte blanche \u00e0 Yamou\u201d a la \u201cparticularit\u00e9 de faire la part belle au dessein\u201d, indiqu\u00e9 la Directrice g\u00e9n\u00e9rale de la Fondation CDG, Dina Naciri.<\/strong><\/p>\n<p><strong>\u201cYamou a voulu mettre en exergue le dessin ainsi que la partie invisible des tableaux d\u2019arts en g\u00e9n\u00e9ral, invitant de ce fait Mariam Abouzid Souali, Chourouk Hriech, Hassan Darsi et Yassine Balbzioui a investir l\u2019Espace de leurs \u0153uvres\u201d, a-t-elle expliqu\u00e9 dans une d\u00e9claration \u00e0 la MAP.<\/strong><\/p>\n<p><strong>Qualifiant le r\u00e9sultat de cette exp\u00e9rience artistique de \u201cmagnifique\u201d, Mme Naciri a confi\u00e9 que \u201cl\u2019exposition \u00e9tait d\u00e9j\u00e0 pr\u00eate pour le mois de mars dernier, dans le cadre des festivit\u00e9s c\u00e9l\u00e9brant la ville de Rabat en tant que Capitale Africaine de la Culture, mais est rest\u00e9e depuis en suspens pour des raisons sanitaires\u201d.<\/strong><\/p>\n<p><strong>\u201cAujourd\u2019hui on l\u2019ouvre au public pour visiter cette belle exposition particuli\u00e8rement affectionn\u00e9e, dont le concept est en perp\u00e9tuel \u00e9volution\u201d, a relev\u00e9 la DG de la Fondation CDG.<\/strong><\/p>\n<p><strong>Pour l\u2019artiste Abderrahim Yamou, la th\u00e9matique de la \u201cCarte blanche\u201d repose sur la question de ce qui est visible, d\u00e9duit de cette visibilit\u00e9 premi\u00e8re et ce qui peut \u00eatre cach\u00e9 derri\u00e8re le visible, \u201cinvisible dans notre regard mais des fois extr\u00eamement riche dans ce laiss\u00e9-pour-compte\u201d.<\/strong><\/p>\n<p><strong>\u201cJ\u2019ai choisi des artistes qui pour certains ont d\u00e9velopp\u00e9 cette th\u00e9matique et pour d\u2019autres d\u00e9tiennent un travail artistique tr\u00e8s int\u00e9ressant, en vue de voir leur r\u00e9ponse \u00e0 cette question\u201d, a indiqu\u00e9 Yamou, notant que \u201cchaque artiste apporte sont lot de r\u00e9ponses au part d\u2019invisible\u201d.<\/strong><\/p>\n<p><strong>Il a \u00e9galement rappel\u00e9 le concept de la \u201cCarte blanche\u201d qui consiste sur le choix d\u2019un artiste confirm\u00e9 pour d\u2019autres artistes, afin de collaborer autour d\u2019un th\u00e8me ou d\u2019un projet artistique pr\u00e9cis.<\/strong><\/p>\n<p><strong>De son c\u00f4t\u00e9, l\u2019artiste Yassine Balbzioui a signal\u00e9 que sa participation avec Yamou, dans le cadre de la \u201cCarte blanche\u201d, est une expression artistique m\u00e9langeant le dessein et la broderie, en collaboration avec l\u2019atelier de broderie de Touria Tazi.<\/strong><\/p>\n<p><strong>Balbzioui d\u00e9veloppe, \u201cdans une veine n\u00e9o expressionniste, une production d\u2019une grande richesse formelle et s\u00e9mantique, dans laquelle la repr\u00e9sentation de l\u2019humaine animalit\u00e9, le plus souvent sous le couvert du masque, croise les notions de d\u00e9rision, de l\u2019idiotie, du grotesque, appr\u00e9hend\u00e9s comme postures artistiques\u201d.<\/strong><\/p>\n<p><strong>\u201cDepuis dix ans, je travaille sur le masque comme un mat\u00e9riel expos\u00e9 sur l\u2019exp\u00e9rience personnelle\u201d, a-t-il dit.<\/strong><\/p>\n<p><strong>Cet \u00e9v\u00e9nement pictural a \u00e9t\u00e9 marqu\u00e9 par la pr\u00e9sence de plusieurs personnalit\u00e9s, notamment le Directeur g\u00e9n\u00e9ral de la Caisse de d\u00e9p\u00f4t et de gestion (CDG), Abdellatif Zeghnoun, le Secr\u00e9taire perp\u00e9tuel de l\u2019Acad\u00e9mie du Royaume du Maroc, Abdeljalil Lahjomri, et l\u2019Ambassadrice de France au Maroc, H\u00e9l\u00e8ne Le Gal, en plus d\u2019une panoplie d\u2019artistes-peintres dont Mariam Abouzid Souali, Hassan Darsi et Fatiha Zemmouri.<\/strong><\/p>\n<p><strong>L\u2019exposition \u201cCarte blanche \u00e0 Yamou\u201d se poursuivra jusqu\u2019au 10 novembre 2020 \u00e0 l\u2019Espace Expressions CDG, Place Moulay El Hassan.<\/strong><\/p>\n","protected":false},"excerpt":{"rendered":"<p>Rabat \u2013 le12 La Fondation de la Caisse de d\u00e9p\u00f4t et de gestion (CDG) a organis\u00e9, mercredi \u00e0 Rabat, au sein de l\u2019Espace Expressions CDG, le vernissage de son exposition artistique \u201cCarte blanche \u00e0 Yamou\u201d. La \u201cCarte blanche \u00e0 Yamou\u201d a la \u201cparticularit\u00e9 de faire la part belle au dessein\u201d, indiqu\u00e9 la Directrice g\u00e9n\u00e9rale de [&hellip;]<\/p>\n","protected":false},"author":4,"featured_media":4735,"comment_status":"open","ping_status":"open","sticky":false,"template":"","format":"standard","meta":[],"categories":[26,31],"tags":[],"yst_prominent_words":[3404,1253],"jetpack_featured_media_url":"https:\/\/le12.ma\/fr\/wp-content\/uploads\/2020\/10\/20201001_094808.jpg","_links":{"self":[{"href":"https:\/\/le12.ma\/fr\/wp-json\/wp\/v2\/posts\/4734"}],"collection":[{"href":"https:\/\/le12.ma\/fr\/wp-json\/wp\/v2\/posts"}],"about":[{"href":"https:\/\/le12.ma\/fr\/wp-json\/wp\/v2\/types\/post"}],"author":[{"embeddable":true,"href":"https:\/\/le12.ma\/fr\/wp-json\/wp\/v2\/users\/4"}],"replies":[{"embeddable":true,"href":"https:\/\/le12.ma\/fr\/wp-json\/wp\/v2\/comments?post=4734"}],"version-history":[{"count":1,"href":"https:\/\/le12.ma\/fr\/wp-json\/wp\/v2\/posts\/4734\/revisions"}],"predecessor-version":[{"id":4736,"href":"https:\/\/le12.ma\/fr\/wp-json\/wp\/v2\/posts\/4734\/revisions\/4736"}],"wp:featuredmedia":[{"embeddable":true,"href":"https:\/\/le12.ma\/fr\/wp-json\/wp\/v2\/media\/4735"}],"wp:attachment":[{"href":"https:\/\/le12.ma\/fr\/wp-json\/wp\/v2\/media?parent=4734"}],"wp:term":[{"taxonomy":"category","embeddable":true,"href":"https:\/\/le12.ma\/fr\/wp-json\/wp\/v2\/categories?post=4734"},{"taxonomy":"post_tag","embeddable":true,"href":"https:\/\/le12.ma\/fr\/wp-json\/wp\/v2\/tags?post=4734"},{"taxonomy":"yst_prominent_words","embeddable":true,"href":"https:\/\/le12.ma\/fr\/wp-json\/wp\/v2\/yst_prominent_words?post=4734"}],"curies":[{"name":"wp","href":"https:\/\/api.w.org\/{rel}","templated":true}]}}