{"id":47078,"date":"2025-01-10T16:10:34","date_gmt":"2025-01-10T15:10:34","guid":{"rendered":"https:\/\/le12.ma\/fr\/?p=47078"},"modified":"2025-01-10T16:10:54","modified_gmt":"2025-01-10T15:10:54","slug":"pour-proteger-le-patrimoine-culturel-des-marques-artisanales-enregistrer-a-lompic","status":"publish","type":"post","link":"https:\/\/le12.ma\/fr\/pour-proteger-le-patrimoine-culturel-des-marques-artisanales-enregistrer-a-lompic\/","title":{"rendered":"Pour prot\u00e9ger le patrimoine culturel.. des marques artisanales enregistrer \u00e0 l&rsquo;OMPIC"},"content":{"rendered":"<h2>Selon un communiqu\u00e9, sont publi\u00e9s dix (10) <a href=\"https:\/\/le12.ma\/fr\/sm-le-roi-felicite-le-general-joseph-aoun-a-loccasion-de-son-election-president-du-liban\/\">enregistrements<\/a> de marques d\u00e9pos\u00e9es par le Secr\u00e9tariat d\u2019Etat charg\u00e9 de l\u2019Artisanat et de l\u2019Economie Sociale et Solidaire, aupr\u00e8s de l\u2019Office Marocain de la Propri\u00e9t\u00e9 Industrielle et Commerciale (<a href=\"https:\/\/www.medi1news.com\/fr\">OMPIC<\/a>) organisme \u00e9tatique charg\u00e9 de la protection de la propri\u00e9t\u00e9 industrielle (marques, brevets d\u2019invention, dessins et mod\u00e8les industriels).<\/h2>\n<p><img decoding=\"async\" loading=\"lazy\" class=\"alignnone size-full wp-image-47079\" src=\"https:\/\/le12.ma\/fr\/wp-content\/uploads\/2025\/01\/zeli.jpg\" alt=\"\" width=\"502\" height=\"233\" srcset=\"https:\/\/le12.ma\/fr\/wp-content\/uploads\/2025\/01\/zeli.jpg 502w, https:\/\/le12.ma\/fr\/wp-content\/uploads\/2025\/01\/zeli-300x139.jpg 300w\" sizes=\"(max-width: 502px) 100vw, 502px\" \/><\/p>\n<p><strong>Ces enregistrements concernent <\/strong><strong>Huit (8) nouvelles marques, qui s\u2019ajoutent au bilan du secr\u00e9tariat d\u2019\u00e9tat charg\u00e9 de l\u2019artisanat et de l\u2019\u00e9conomie sociale et solidaire en mati\u00e8re du d\u00e9p\u00f4t des labels et marques collectives de certification et des marques simples, dont le nombre d\u2019enregistrement est port\u00e9 \u00e0 75 d\u00e9p\u00f4ts. Il s\u2019agit du d\u00e9p\u00f4t des labels et marques collectives suivantes\u00a0:\u00a0<\/strong><\/p>\n<ul>\n<li><strong>Une marque collective de certification concernant le caftan\u00a0: \u00ab\u00a0Caftan Marocain\u00bb et \u00ab\u00a0\u0642\u0641\u0637\u0627\u0646 \u0645\u063a\u0631\u0628\u064a\u00a0\u00bb\u00a0; qui englobent une gamme de caftans confectionn\u00e9s selon les m\u00e9thodes artisanales traditionnelles marocaines ;<\/strong><\/li>\n<li><strong>Une marque collective de certification concernant le zellige de T\u00e9touan\u00a0:\u00ab\u00a0Zellige de T\u00e9touan\u00bb et \u00ab\u00a0\u0632\u0644\u064a\u062c \u062a\u0637\u0648\u0627\u0646\u00a0\u00bb\u00a0: qui concerne le Zellige de T\u00e9touan issus d\u2019un processus de fabrication artisanal avec tous les motifs ornementaux et dessins g\u00e9om\u00e9triques associ\u00e9s (carreaux de rev\u00eatement, \u00e9l\u00e9ments d\u00e9coratifs architecturaux int\u00e9rieure et ext\u00e9rieure\u2026) ;<\/strong><\/li>\n<li><strong>Trois marques simples concernant le zellige \u00e0 savoir\u00a0: \u00ab\u00a0Zellige\u00a0\u00bb, \u00ab\u0627\u0644\u0632\u0644\u064a\u062c \u00a0\u00bb, \u00ab\u2d4a\u2d4a\u2d4d\u2d4d\u2d49\u2d4a\u00a0 \u00bb ou \u00ab\u00a0Zellige Marocain\u00a0\u00bb, \u00ab \u0627\u0644\u0632\u0644\u064a\u062c \u0627\u0644\u0645\u063a\u0631\u0628\u064a \u00bb et \u00ab\u00a0\u2d4a\u2d4a\u2d4d\u2d4d\u2d49\u2d4a \u2d30\u2d4e\u2d56\u2d54\u2d30\u2d31\u2d49 \u00bb\u00a0: qui concerne le mot zellige zellige marocain en trois langues (arabe, fran\u00e7ais et Tamazight) et qui a attrait \u00e0 tous les motifs ornementaux et dessins g\u00e9om\u00e9triques associ\u00e9s ;<\/strong><\/li>\n<li><strong>3 marques simples concernant la haute couture\u00a0: \u00ab\u00a0Haute Couture Marocaine\u00bb, \u00ab\u00a0\u0627\u0644\u062e\u064a\u0627\u0637\u0629 \u0627\u0644\u0631\u0641\u064a\u0639\u0629 \u0627\u0644\u0645\u063a\u0631\u0628\u064a\u0629\u00a0\u00bb\u00a0et \u00ab\u00a0\u2d5c\u2d49\u2d33\u2d4f\u2d49 \u2d5c\u2d30\u2d4e\u2d56\u2d54\u2d31\u2d49\u2d62\u2d5c \u2d62\u2d30\u2d5c\u2d5c\u2d53\u2d62\u2d4f\u00a0\u00bb: qui concerne l\u2019habillement traditionnel<\/strong><\/li>\n<\/ul>\n<p>&nbsp;<\/p>\n","protected":false},"excerpt":{"rendered":"<p>Selon un communiqu\u00e9, sont publi\u00e9s dix (10) enregistrements de marques d\u00e9pos\u00e9es par le Secr\u00e9tariat d\u2019Etat charg\u00e9 de l\u2019Artisanat et de l\u2019Economie Sociale et Solidaire, aupr\u00e8s de l\u2019Office Marocain de la Propri\u00e9t\u00e9 Industrielle et Commerciale (OMPIC) organisme \u00e9tatique charg\u00e9 de la protection de la propri\u00e9t\u00e9 industrielle (marques, brevets d\u2019invention, dessins et mod\u00e8les industriels). Ces enregistrements concernent [&hellip;]<\/p>\n","protected":false},"author":2,"featured_media":47080,"comment_status":"open","ping_status":"open","sticky":false,"template":"","format":"standard","meta":[],"categories":[26,31,54,24],"tags":[15647],"yst_prominent_words":[],"jetpack_featured_media_url":"https:\/\/le12.ma\/fr\/wp-content\/uploads\/2025\/01\/er.jpg","_links":{"self":[{"href":"https:\/\/le12.ma\/fr\/wp-json\/wp\/v2\/posts\/47078"}],"collection":[{"href":"https:\/\/le12.ma\/fr\/wp-json\/wp\/v2\/posts"}],"about":[{"href":"https:\/\/le12.ma\/fr\/wp-json\/wp\/v2\/types\/post"}],"author":[{"embeddable":true,"href":"https:\/\/le12.ma\/fr\/wp-json\/wp\/v2\/users\/2"}],"replies":[{"embeddable":true,"href":"https:\/\/le12.ma\/fr\/wp-json\/wp\/v2\/comments?post=47078"}],"version-history":[{"count":2,"href":"https:\/\/le12.ma\/fr\/wp-json\/wp\/v2\/posts\/47078\/revisions"}],"predecessor-version":[{"id":47082,"href":"https:\/\/le12.ma\/fr\/wp-json\/wp\/v2\/posts\/47078\/revisions\/47082"}],"wp:featuredmedia":[{"embeddable":true,"href":"https:\/\/le12.ma\/fr\/wp-json\/wp\/v2\/media\/47080"}],"wp:attachment":[{"href":"https:\/\/le12.ma\/fr\/wp-json\/wp\/v2\/media?parent=47078"}],"wp:term":[{"taxonomy":"category","embeddable":true,"href":"https:\/\/le12.ma\/fr\/wp-json\/wp\/v2\/categories?post=47078"},{"taxonomy":"post_tag","embeddable":true,"href":"https:\/\/le12.ma\/fr\/wp-json\/wp\/v2\/tags?post=47078"},{"taxonomy":"yst_prominent_words","embeddable":true,"href":"https:\/\/le12.ma\/fr\/wp-json\/wp\/v2\/yst_prominent_words?post=47078"}],"curies":[{"name":"wp","href":"https:\/\/api.w.org\/{rel}","templated":true}]}}