{"id":47076,"date":"2025-01-10T15:33:15","date_gmt":"2025-01-10T14:33:15","guid":{"rendered":"https:\/\/le12.ma\/fr\/?p=47076"},"modified":"2025-01-10T15:33:15","modified_gmt":"2025-01-10T14:33:15","slug":"sm-le-roi-felicite-le-general-joseph-aoun-a-loccasion-de-son-election-president-du-liban","status":"publish","type":"post","link":"https:\/\/le12.ma\/fr\/sm-le-roi-felicite-le-general-joseph-aoun-a-loccasion-de-son-election-president-du-liban\/","title":{"rendered":"SM le Roi f\u00e9licite le g\u00e9n\u00e9ral Joseph Aoun \u00e0 l\u2019occasion de son \u00e9lection Pr\u00e9sident du Liban"},"content":{"rendered":"<div id=\"contenu_article_0\" class=\"resume-article mb-4 text-left\">\n<h2><strong>Sa <a href=\"https:\/\/le12.ma\/fr\/la-frmf-et-les-ligues-nationales-tiendront-leurs-ag-le-13-mars-prochain\/\">Majest\u00e9<\/a> le Roi Mohammed VI a adress\u00e9 un <a href=\"https:\/\/www.medi1news.com\/fr\/article\/340437.html\">message<\/a> de f\u00e9licitations \u00e0 Son Excellence le g\u00e9n\u00e9ral Joseph Aoun, \u00e0 l\u2019occasion de son \u00e9lection \u00e0 la pr\u00e9sidence de la R\u00e9publique libanaise.<\/strong><\/h2>\n<p><strong>Dans ce message, Sa Majest\u00e9 le Roi fait part de Ses chaleureuses f\u00e9licitations au g\u00e9n\u00e9ral Aoun et de Ses meilleurs v\u0153ux au peuple libanais fr\u00e8re de davantage de progr\u00e8s et de prosp\u00e9rit\u00e9 dans un climat de s\u00e9curit\u00e9, d\u2019unit\u00e9 et de stabilit\u00e9.<\/strong><\/p>\n<p><strong>Tout en f\u00e9licitant le Pr\u00e9sident libanais pour la confiance plac\u00e9e en lui lors de ce scrutin, le Souverain forme le v\u0153u que cet \u00e9v\u00e9nement national majeur constitue un acquis pour le parcours d\u00e9mocratique et un catalyseur pour consolider l&rsquo;entente et la coh\u00e9sion entre toutes les composantes du peuple libanais et pr\u00e9server sa souverainet\u00e9 et son unit\u00e9 nationale.<\/strong><\/p>\n<p><strong>Sa Majest\u00e9 le Roi tient, \u00e0 cette occasion, \u00e0 exprimer la solidarit\u00e9 du Royaume du Maroc et son soutien constant au peuple libanais, r\u00e9affirmant Sa ferme d\u00e9termination \u00e0 poursuivre l&rsquo;action, de concert avec le g\u00e9n\u00e9ral Aoun, en vue de renforcer les liens de fraternit\u00e9 sinc\u00e8re et de coop\u00e9ration constructive entre les deux pays et r\u00e9pondre aux aspirations des deux peuples pour davantage de progr\u00e8s et de prosp\u00e9rit\u00e9.<\/strong><\/p>\n<\/div>\n","protected":false},"excerpt":{"rendered":"<p>Sa Majest\u00e9 le Roi Mohammed VI a adress\u00e9 un message de f\u00e9licitations \u00e0 Son Excellence le g\u00e9n\u00e9ral Joseph Aoun, \u00e0 l\u2019occasion de son \u00e9lection \u00e0 la pr\u00e9sidence de la R\u00e9publique libanaise. Dans ce message, Sa Majest\u00e9 le Roi fait part de Ses chaleureuses f\u00e9licitations au g\u00e9n\u00e9ral Aoun et de Ses meilleurs v\u0153ux au peuple libanais [&hellip;]<\/p>\n","protected":false},"author":2,"featured_media":45842,"comment_status":"open","ping_status":"open","sticky":false,"template":"","format":"standard","meta":[],"categories":[26,22,54],"tags":[15644,11944],"yst_prominent_words":[2009,615,3834,2004,1521,354,614,2007,2000,4793,613],"jetpack_featured_media_url":"https:\/\/le12.ma\/fr\/wp-content\/uploads\/2024\/11\/le-roi-mohammed6.webp","_links":{"self":[{"href":"https:\/\/le12.ma\/fr\/wp-json\/wp\/v2\/posts\/47076"}],"collection":[{"href":"https:\/\/le12.ma\/fr\/wp-json\/wp\/v2\/posts"}],"about":[{"href":"https:\/\/le12.ma\/fr\/wp-json\/wp\/v2\/types\/post"}],"author":[{"embeddable":true,"href":"https:\/\/le12.ma\/fr\/wp-json\/wp\/v2\/users\/2"}],"replies":[{"embeddable":true,"href":"https:\/\/le12.ma\/fr\/wp-json\/wp\/v2\/comments?post=47076"}],"version-history":[{"count":1,"href":"https:\/\/le12.ma\/fr\/wp-json\/wp\/v2\/posts\/47076\/revisions"}],"predecessor-version":[{"id":47077,"href":"https:\/\/le12.ma\/fr\/wp-json\/wp\/v2\/posts\/47076\/revisions\/47077"}],"wp:featuredmedia":[{"embeddable":true,"href":"https:\/\/le12.ma\/fr\/wp-json\/wp\/v2\/media\/45842"}],"wp:attachment":[{"href":"https:\/\/le12.ma\/fr\/wp-json\/wp\/v2\/media?parent=47076"}],"wp:term":[{"taxonomy":"category","embeddable":true,"href":"https:\/\/le12.ma\/fr\/wp-json\/wp\/v2\/categories?post=47076"},{"taxonomy":"post_tag","embeddable":true,"href":"https:\/\/le12.ma\/fr\/wp-json\/wp\/v2\/tags?post=47076"},{"taxonomy":"yst_prominent_words","embeddable":true,"href":"https:\/\/le12.ma\/fr\/wp-json\/wp\/v2\/yst_prominent_words?post=47076"}],"curies":[{"name":"wp","href":"https:\/\/api.w.org\/{rel}","templated":true}]}}