{"id":47063,"date":"2025-01-10T10:52:56","date_gmt":"2025-01-10T09:52:56","guid":{"rendered":"https:\/\/le12.ma\/fr\/?p=47063"},"modified":"2025-01-10T10:52:56","modified_gmt":"2025-01-10T09:52:56","slug":"la-frmf-et-les-ligues-nationales-tiendront-leurs-ag-le-13-mars-prochain","status":"publish","type":"post","link":"https:\/\/le12.ma\/fr\/la-frmf-et-les-ligues-nationales-tiendront-leurs-ag-le-13-mars-prochain\/","title":{"rendered":"La FRMF et les Ligues Nationales tiendront leurs AG le 13 mars prochain"},"content":{"rendered":"<h2 class=\"node-tpl-ville-accroche\"><strong>Le comit\u00e9 directeur de la F\u00e9d\u00e9ration Royale Marocaine de Football (FRMF), r\u00e9uni jeudi au si\u00e8ge de la F\u00e9d\u00e9ration \u00e0 Ma\u00e2mora, a fix\u00e9 la date des Assembl\u00e9s G\u00e9n\u00e9rales (AG) de la <a href=\"https:\/\/www.mapnews.ma\/fr\/actualites\/sport\/football-la-frmf-et-les-ligues-nationales-tiendront-leurs-ag-le-13-mars-prochain\">FRMF<\/a> et des Ligues Nationales de Football Professionnel (LNFP), Amateur (LNFA), F\u00e9minin (LNFF) et Diversifi\u00e9 (<a href=\"https:\/\/le12.ma\/fr\/le-conseil-de-gouvernement-adopte-un-projet-de-decret-relatif-aux-concours-dagregation-pour-leducation-et-la-formation\/\">LNFD<\/a>) au 13 mars 2025.<\/strong><\/h2>\n<div class=\"node-wrapper-img-corps\">\n<div class=\"node-tpl-image-legende\">\n<div class=\"img\">\n<div class=\"field field-name-field-image field-type-image field-label-hidden\">\n<div class=\"field-items\">\n<div class=\"field-item even\"><\/div>\n<\/div>\n<\/div>\n<\/div>\n<\/div>\n<div class=\"node-tpl-corps\">\n<p><strong>Cette r\u00e9union, tenue sous la pr\u00e9sidence du pr\u00e9sident de la FRMF, Fouzi Lekjaa, a \u00e9t\u00e9 consacr\u00e9e \u00e0 diverses questions inscrites \u00e0 l\u2019ordre du jour, dont la pr\u00e9paration des prochaines AG de la F\u00e9d\u00e9ration et des Ligues Nationales de Football, indique un communiqu\u00e9 de la F\u00e9d\u00e9ration Royale Marocaine de Football.<\/strong><\/p>\n<p><strong>M. Lekjaa a pr\u00e9sent\u00e9, \u00e0 cette occasion, le programme des comp\u00e9titions et activit\u00e9s footballistiques pr\u00e9vues au Maroc de 2025 \u00e0 2030, en commen\u00e7ant par le tirage au sort de la Coupe d\u2019Afrique des Nations, qui se tiendra le lundi 27 janvier 2025 \u00e0 Rabat, jusqu\u2019aux phases finales de la Coupe du Monde FIFA 2030.<\/strong><\/p>\n<p><strong>Le pr\u00e9sident de la FRMF a soulign\u00e9 que les yeux du monde seront riv\u00e9s sur le Royaume, lors des cinq prochaines ann\u00e9es, puisqu\u2019il organisera plusieurs comp\u00e9titions continentales et mondiales majeures, notamment la Coupe d\u2019Afrique des Nations \u00e0 la fin de cette ann\u00e9e et la Coupe du Monde FIFA en 2030, aux c\u00f4t\u00e9s de l&rsquo;Espagne et du Portugal.<\/strong><\/p>\n<p><strong>M. Lekjaa a appel\u00e9 tous les acteurs du football marocain et de la soci\u00e9t\u00e9 civile \u00e0 se mobiliser et \u00e0 redoubler d\u2019efforts pour assurer le succ\u00e8s de ces \u00e9v\u00e9nements, fruits de la vision clairvoyante de Sa Majest\u00e9 le Roi Mohammed VI.<\/strong><\/p>\n<p><strong>Il a \u00e9galement rappel\u00e9 l\u2019accord sign\u00e9 entre le Gouvernement marocain et la F\u00e9d\u00e9ration Internationale de Football Associations (FIFA), visant \u00e0 \u00e9tablir au Maroc un bureau r\u00e9gional de la FIFA en Afrique.<\/strong><\/p>\n<p><strong>Par ailleurs, M. Lekjaa a saisi l&rsquo;occasion pour f\u00e9liciter le staff technique, m\u00e9dical et administratif ainsi que les joueurs des \u00e9quipes nationales U20 et U17 pour leur qualification aux phases finales des Coupes d\u2019Afrique des Nations des cat\u00e9gories.<\/strong><\/p>\n<p><strong>En vue de soumettre plusieurs amendements des r\u00e8glements \u00e0 l\u2019AG de la FRMF pour approbation, la r\u00e9union du comit\u00e9 directeur a, en outre, \u00e9t\u00e9 l&rsquo;occasion de faire un rappel des modifications discut\u00e9es et valid\u00e9es lors de la r\u00e9union du comit\u00e9 directeur du 1er ao\u00fbt 2024.<\/strong><\/p>\n<p><strong>Ces modifications portent sur la Chambre Nationale de R\u00e9solution des Litiges (CNRL), le Code disciplinaire, le R\u00e8glement des comp\u00e9titions, ainsi que le R\u00e8glement de l\u2019affiliation.<\/strong><\/p>\n<p><strong>Le Pr\u00e9sident de la Ligue Nationale de Football Professionnel, Abdeslam Belgchour, a, pour sa part, propos\u00e9 d\u2019am\u00e9liorer les conditions de s\u00e9curit\u00e9 dans les stades en rendant les clubs responsables en cas d\u2019actes de violence de leurs supporters. Ces clubs pourraient \u00eatre sanctionn\u00e9s par les instances juridictionnelles comp\u00e9tentes.<\/strong><\/p>\n<\/div>\n<\/div>\n","protected":false},"excerpt":{"rendered":"<p>Le comit\u00e9 directeur de la F\u00e9d\u00e9ration Royale Marocaine de Football (FRMF), r\u00e9uni jeudi au si\u00e8ge de la F\u00e9d\u00e9ration \u00e0 Ma\u00e2mora, a fix\u00e9 la date des Assembl\u00e9s G\u00e9n\u00e9rales (AG) de la FRMF et des Ligues Nationales de Football Professionnel (LNFP), Amateur (LNFA), F\u00e9minin (LNFF) et Diversifi\u00e9 (LNFD) au 13 mars 2025. Cette r\u00e9union, tenue sous la [&hellip;]<\/p>\n","protected":false},"author":2,"featured_media":29905,"comment_status":"open","ping_status":"open","sticky":false,"template":"","format":"standard","meta":[],"categories":[26,54,27],"tags":[901],"yst_prominent_words":[5564,4987],"jetpack_featured_media_url":"https:\/\/le12.ma\/fr\/wp-content\/uploads\/2023\/01\/01-FRMF.jpeg","_links":{"self":[{"href":"https:\/\/le12.ma\/fr\/wp-json\/wp\/v2\/posts\/47063"}],"collection":[{"href":"https:\/\/le12.ma\/fr\/wp-json\/wp\/v2\/posts"}],"about":[{"href":"https:\/\/le12.ma\/fr\/wp-json\/wp\/v2\/types\/post"}],"author":[{"embeddable":true,"href":"https:\/\/le12.ma\/fr\/wp-json\/wp\/v2\/users\/2"}],"replies":[{"embeddable":true,"href":"https:\/\/le12.ma\/fr\/wp-json\/wp\/v2\/comments?post=47063"}],"version-history":[{"count":2,"href":"https:\/\/le12.ma\/fr\/wp-json\/wp\/v2\/posts\/47063\/revisions"}],"predecessor-version":[{"id":47065,"href":"https:\/\/le12.ma\/fr\/wp-json\/wp\/v2\/posts\/47063\/revisions\/47065"}],"wp:featuredmedia":[{"embeddable":true,"href":"https:\/\/le12.ma\/fr\/wp-json\/wp\/v2\/media\/29905"}],"wp:attachment":[{"href":"https:\/\/le12.ma\/fr\/wp-json\/wp\/v2\/media?parent=47063"}],"wp:term":[{"taxonomy":"category","embeddable":true,"href":"https:\/\/le12.ma\/fr\/wp-json\/wp\/v2\/categories?post=47063"},{"taxonomy":"post_tag","embeddable":true,"href":"https:\/\/le12.ma\/fr\/wp-json\/wp\/v2\/tags?post=47063"},{"taxonomy":"yst_prominent_words","embeddable":true,"href":"https:\/\/le12.ma\/fr\/wp-json\/wp\/v2\/yst_prominent_words?post=47063"}],"curies":[{"name":"wp","href":"https:\/\/api.w.org\/{rel}","templated":true}]}}